{"id":115174,"date":"2019-09-11T06:40:11","date_gmt":"2019-09-11T09:40:11","guid":{"rendered":"http:\/\/www.caririemacao.com\/1\/?p=115174"},"modified":"2019-09-11T06:40:11","modified_gmt":"2019-09-11T09:40:11","slug":"padrasto-e-preso-suspeito-de-estuprar-enteada","status":"publish","type":"post","link":"https:\/\/www.caririemacao.com\/1\/2019\/09\/11\/padrasto-e-preso-suspeito-de-estuprar-enteada\/","title":{"rendered":"Padrasto \u00e9 preso suspeito de estuprar enteada"},"content":{"rendered":"\n<p>Um homem foi preso, nesta ter\u00e7a-feira (10), suspeito de estuprar a enteada de 11 anos, na cidade de Alagoa Grande, na Para\u00edba. O suspeito, de 46 anos foi preso ap\u00f3s a m\u00e3e da crian\u00e7a denunciar o estupro ao Conselho Tutelar.<\/p>\n\n\n\n<p>A m\u00e3e informou que a filha relatou os abusos sofridos. Segundo as investiga\u00e7\u00f5es,&nbsp; os estupros vinham sendo praticados a cerca de um ano.<\/p>\n\n\n\n<p>O homem foi preso ap\u00f3s uma a\u00e7\u00e3o envolvendo as Pol\u00edcias Militar e Civil, e o Conselho Tutelar.<\/p>\n\n\n\n<p>O suspeito foi encaminhado para a Delegacia Civil.<\/p>\n","protected":false},"excerpt":{"rendered":"<p>Um homem foi preso, nesta ter\u00e7a-feira (10), suspeito de estuprar a enteada de 11 anos, na cidade de Alagoa Grande, na Para\u00edba. O suspeito, de&hellip; <\/p>\n","protected":false},"author":1,"featured_media":97431,"comment_status":"closed","ping_status":"closed","sticky":false,"template":"","format":"standard","meta":{"sfsi_plus_gutenberg_text_before_share":"","sfsi_plus_gutenberg_show_text_before_share":"","sfsi_plus_gutenberg_icon_type":"","sfsi_plus_gutenberg_icon_alignemt":"","sfsi_plus_gutenburg_max_per_row":"","footnotes":""},"categories":[12],"tags":[],"class_list":["post-115174","post","type-post","status-publish","format-standard","has-post-thumbnail","hentry","category-policia"],"_links":{"self":[{"href":"https:\/\/www.caririemacao.com\/1\/wp-json\/wp\/v2\/posts\/115174","targetHints":{"allow":["GET"]}}],"collection":[{"href":"https:\/\/www.caririemacao.com\/1\/wp-json\/wp\/v2\/posts"}],"about":[{"href":"https:\/\/www.caririemacao.com\/1\/wp-json\/wp\/v2\/types\/post"}],"author":[{"embeddable":true,"href":"https:\/\/www.caririemacao.com\/1\/wp-json\/wp\/v2\/users\/1"}],"replies":[{"embeddable":true,"href":"https:\/\/www.caririemacao.com\/1\/wp-json\/wp\/v2\/comments?post=115174"}],"version-history":[{"count":1,"href":"https:\/\/www.caririemacao.com\/1\/wp-json\/wp\/v2\/posts\/115174\/revisions"}],"predecessor-version":[{"id":115177,"href":"https:\/\/www.caririemacao.com\/1\/wp-json\/wp\/v2\/posts\/115174\/revisions\/115177"}],"wp:featuredmedia":[{"embeddable":true,"href":"https:\/\/www.caririemacao.com\/1\/wp-json\/wp\/v2\/media\/97431"}],"wp:attachment":[{"href":"https:\/\/www.caririemacao.com\/1\/wp-json\/wp\/v2\/media?parent=115174"}],"wp:term":[{"taxonomy":"category","embeddable":true,"href":"https:\/\/www.caririemacao.com\/1\/wp-json\/wp\/v2\/categories?post=115174"},{"taxonomy":"post_tag","embeddable":true,"href":"https:\/\/www.caririemacao.com\/1\/wp-json\/wp\/v2\/tags?post=115174"}],"curies":[{"name":"wp","href":"https:\/\/api.w.org\/{rel}","templated":true}]}}