{"id":115197,"date":"2019-09-11T06:52:26","date_gmt":"2019-09-11T09:52:26","guid":{"rendered":"http:\/\/www.caririemacao.com\/1\/?p=115197"},"modified":"2019-09-11T06:52:26","modified_gmt":"2019-09-11T09:52:26","slug":"servidores-dos-correios-confirmam-greve-com-inicio-nesta-quarta","status":"publish","type":"post","link":"https:\/\/www.caririemacao.com\/1\/2019\/09\/11\/servidores-dos-correios-confirmam-greve-com-inicio-nesta-quarta\/","title":{"rendered":"Servidores dos Correios confirmam greve com in\u00edcio nesta quarta"},"content":{"rendered":"\n<p>Os servidores dos Correios na Para\u00edba decidiram entrar em greve por tempo indeterminado a partir da 0h desta quarta-feira (11). A decis\u00e3o pela greve foi antecipada em comunicado enviado \u00e0 imprensa, na tarde desta ter\u00e7a (10), mas dever\u00e1 ser oficializada em assembleia que deve ocorrer \u00e0 noite.<\/p>\n\n\n\n<p>Segundo a categoria, a greve ocorre por conta de diversos ataques feitos pelos Correios aos funcion\u00e1rios e a n\u00e3o apresenta\u00e7\u00e3o de propostas com melhorias salariais e de trabalho.<\/p>\n\n\n\n<p>A principal reivindica\u00e7\u00e3o econ\u00f4mica \u00e9 a reposi\u00e7\u00e3o salarial e nos benef\u00edcios integrais no valor acumulado da infla\u00e7\u00e3o do per\u00edodo 01\/08\/18 a 31\/07\/19, medida pelo \u00edndice Nacional de pre\u00e7os ao Consumidor Amplo (IPCA).<\/p>\n\n\n\n<p>A categoria pede ainda a reposi\u00e7\u00e3o do \u00edndice sobre os sal\u00e1rios das refer\u00eancias salarias<br>integrantes das Tabelas Salariais dos N\u00edveis m\u00e9dio e superior e aumento real de sal\u00e1rio no valor de R$ 300, linear a toda categoria.<\/p>\n\n\n\n<p>Segundo o Sindicato Trab Empresa Correios Tel\u00e9grafos (Sintect), a proposta que a Empresa de Correios e Tel\u00e9grafos (ECT) apresentou rebaixaria a reposi\u00e7\u00e3o a 0,8% de reajuste, o que corresponde a R$ 13 no sal\u00e1rio-base de carteiro; tamb\u00e9m estaria retirando direitos historicamente conquistados.<\/p>\n\n\n\n<p>\u201cA ECT, em reuni\u00e3o na mesa de negocia\u00e7\u00e3o, dia 23 de agosto, com os representantes dos trabalhadores, s\u00f3 apresentou o que \u00e9 de mais interessante para o projeto de privatiza\u00e7\u00e3o da empresa: o relacionamento com as ag\u00eancias franqueadas, mantendo a ideia de fechamento das ag\u00eancias pr\u00f3prias\u201d, informou o Sindicato dos Trabalhadores em Correios e Tel\u00e9grafos na Para\u00edba (Sintect-PB).<\/p>\n","protected":false},"excerpt":{"rendered":"<p>Os servidores dos Correios na Para\u00edba decidiram entrar em greve por tempo indeterminado a partir da 0h desta quarta-feira (11). A decis\u00e3o pela greve foi&hellip; <\/p>\n","protected":false},"author":1,"featured_media":107584,"comment_status":"closed","ping_status":"closed","sticky":false,"template":"","format":"standard","meta":{"sfsi_plus_gutenberg_text_before_share":"","sfsi_plus_gutenberg_show_text_before_share":"","sfsi_plus_gutenberg_icon_type":"","sfsi_plus_gutenberg_icon_alignemt":"","sfsi_plus_gutenburg_max_per_row":"","footnotes":""},"categories":[2],"tags":[],"class_list":["post-115197","post","type-post","status-publish","format-standard","has-post-thumbnail","hentry","category-geral"],"_links":{"self":[{"href":"https:\/\/www.caririemacao.com\/1\/wp-json\/wp\/v2\/posts\/115197","targetHints":{"allow":["GET"]}}],"collection":[{"href":"https:\/\/www.caririemacao.com\/1\/wp-json\/wp\/v2\/posts"}],"about":[{"href":"https:\/\/www.caririemacao.com\/1\/wp-json\/wp\/v2\/types\/post"}],"author":[{"embeddable":true,"href":"https:\/\/www.caririemacao.com\/1\/wp-json\/wp\/v2\/users\/1"}],"replies":[{"embeddable":true,"href":"https:\/\/www.caririemacao.com\/1\/wp-json\/wp\/v2\/comments?post=115197"}],"version-history":[{"count":1,"href":"https:\/\/www.caririemacao.com\/1\/wp-json\/wp\/v2\/posts\/115197\/revisions"}],"predecessor-version":[{"id":115199,"href":"https:\/\/www.caririemacao.com\/1\/wp-json\/wp\/v2\/posts\/115197\/revisions\/115199"}],"wp:featuredmedia":[{"embeddable":true,"href":"https:\/\/www.caririemacao.com\/1\/wp-json\/wp\/v2\/media\/107584"}],"wp:attachment":[{"href":"https:\/\/www.caririemacao.com\/1\/wp-json\/wp\/v2\/media?parent=115197"}],"wp:term":[{"taxonomy":"category","embeddable":true,"href":"https:\/\/www.caririemacao.com\/1\/wp-json\/wp\/v2\/categories?post=115197"},{"taxonomy":"post_tag","embeddable":true,"href":"https:\/\/www.caririemacao.com\/1\/wp-json\/wp\/v2\/tags?post=115197"}],"curies":[{"name":"wp","href":"https:\/\/api.w.org\/{rel}","templated":true}]}}