{"id":115286,"date":"2019-09-11T08:13:31","date_gmt":"2019-09-11T11:13:31","guid":{"rendered":"http:\/\/www.caririemacao.com\/1\/?p=115286"},"modified":"2019-09-11T08:13:31","modified_gmt":"2019-09-11T11:13:31","slug":"governador-vem-a-santo-andre-assinar-ordem-de-servico-para-estrada-que-ligara-cidade-a-juazeirinho","status":"publish","type":"post","link":"https:\/\/www.caririemacao.com\/1\/2019\/09\/11\/governador-vem-a-santo-andre-assinar-ordem-de-servico-para-estrada-que-ligara-cidade-a-juazeirinho\/","title":{"rendered":"Governador vem a Santo Andr\u00e9 assinar ordem de servi\u00e7o para estrada que ligar\u00e1 cidade \u00e0 Juazeirinho"},"content":{"rendered":"\n<p>O\u00a0governador Jo\u00e3o Azevedo vem nesta sexta-feira (13) ao munic\u00edpio de Santo Andr\u00e9, no Cariri do Estado. O Chefe do Executivo estadual vem dar ordem de servi\u00e7o para a estrada que interligar\u00e1 Santo Andr\u00e9 a Juazeirinho e desta forma interligar\u00e1 as regi\u00f5es do Sert\u00e3o ao Cariri paraibano.<br>Jo\u00e3o Azevedo deve chegar ao munic\u00edpio por volta das 14hrs e far\u00e1 inicialmente uma visita \u00e0 escola estadual constru\u00edda pelo Governo do Estado e que j\u00e1 est\u00e1 100% conclu\u00edda, faltando apenas a instala\u00e7\u00e3o dos equipamentos.<br>Ap\u00f3s a visita, o governador em pra\u00e7a p\u00fablica assinar\u00e1 a ordem de servi\u00e7o da estrada, um pleito priorit\u00e1rio da prefeita Silvana Marinho e seu grupo pol\u00edtico e um sonho da popula\u00e7\u00e3o santo-andreense.<br>\u201cA estrada vai definitivamente revolucionar o desenvolvimento de nossa cidade. Eu s\u00f3 tenho a agradecer o empenho do governador Jo\u00e3o Azevedo, que desde quando era secret\u00e1rio reconheceu a import\u00e2ncia estrat\u00e9gica desta obra e agora vai realizar nosso sonho. Tenho certeza que deixarei a gest\u00e3o entregando outra Santo Andr\u00e9 em 2020\u201d, destacou a prefeita.<\/p>\n","protected":false},"excerpt":{"rendered":"<p>O\u00a0governador Jo\u00e3o Azevedo vem nesta sexta-feira (13) ao munic\u00edpio de Santo Andr\u00e9, no Cariri do Estado. O Chefe do Executivo estadual vem dar ordem de&hellip; <\/p>\n","protected":false},"author":1,"featured_media":111997,"comment_status":"closed","ping_status":"closed","sticky":false,"template":"","format":"standard","meta":{"sfsi_plus_gutenberg_text_before_share":"","sfsi_plus_gutenberg_show_text_before_share":"","sfsi_plus_gutenberg_icon_type":"","sfsi_plus_gutenberg_icon_alignemt":"","sfsi_plus_gutenburg_max_per_row":"","footnotes":""},"categories":[2],"tags":[],"class_list":["post-115286","post","type-post","status-publish","format-standard","has-post-thumbnail","hentry","category-geral"],"_links":{"self":[{"href":"https:\/\/www.caririemacao.com\/1\/wp-json\/wp\/v2\/posts\/115286","targetHints":{"allow":["GET"]}}],"collection":[{"href":"https:\/\/www.caririemacao.com\/1\/wp-json\/wp\/v2\/posts"}],"about":[{"href":"https:\/\/www.caririemacao.com\/1\/wp-json\/wp\/v2\/types\/post"}],"author":[{"embeddable":true,"href":"https:\/\/www.caririemacao.com\/1\/wp-json\/wp\/v2\/users\/1"}],"replies":[{"embeddable":true,"href":"https:\/\/www.caririemacao.com\/1\/wp-json\/wp\/v2\/comments?post=115286"}],"version-history":[{"count":1,"href":"https:\/\/www.caririemacao.com\/1\/wp-json\/wp\/v2\/posts\/115286\/revisions"}],"predecessor-version":[{"id":115287,"href":"https:\/\/www.caririemacao.com\/1\/wp-json\/wp\/v2\/posts\/115286\/revisions\/115287"}],"wp:featuredmedia":[{"embeddable":true,"href":"https:\/\/www.caririemacao.com\/1\/wp-json\/wp\/v2\/media\/111997"}],"wp:attachment":[{"href":"https:\/\/www.caririemacao.com\/1\/wp-json\/wp\/v2\/media?parent=115286"}],"wp:term":[{"taxonomy":"category","embeddable":true,"href":"https:\/\/www.caririemacao.com\/1\/wp-json\/wp\/v2\/categories?post=115286"},{"taxonomy":"post_tag","embeddable":true,"href":"https:\/\/www.caririemacao.com\/1\/wp-json\/wp\/v2\/tags?post=115286"}],"curies":[{"name":"wp","href":"https:\/\/api.w.org\/{rel}","templated":true}]}}