{"id":115297,"date":"2019-09-11T09:23:23","date_gmt":"2019-09-11T12:23:23","guid":{"rendered":"http:\/\/www.caririemacao.com\/1\/?p=115297"},"modified":"2019-09-11T09:23:23","modified_gmt":"2019-09-11T12:23:23","slug":"governo-do-estado-publica-mudancas-no-edital-do-concurso-da-fundac","status":"publish","type":"post","link":"https:\/\/www.caririemacao.com\/1\/2019\/09\/11\/governo-do-estado-publica-mudancas-no-edital-do-concurso-da-fundac\/","title":{"rendered":"Governo do Estado publica mudan\u00e7as no edital do concurso da Fundac"},"content":{"rendered":"\n<p>O Governo do Estado publicou, nesta quarta-feira (11), uma retifica\u00e7\u00e3o no edital do concurso para a Funda\u00e7\u00e3o de Desenvolvimento da Crian\u00e7a e do Adolescente (Fundac). Uma das corre\u00e7\u00f5es&nbsp;est\u00e1 no item 11.8 do edital e trata da prova f\u00edsica dos candidatos.<\/p>\n\n\n\n<p>De acordo com a retifica\u00e7\u00e3o, na publica\u00e7\u00e3o anterior, por falha de digita\u00e7\u00e3o, n\u00e3o foi inserida a dist\u00e2ncia a ser percorrida na corrida de fundo dos candidatos do sexo feminino. O percurso correto \u00e9 de 1.500 metros em 15 minutos e o concorrente ter\u00e1 apenas uma chance para percorrer o trajeto.<br><\/p>\n\n\n\n<p><a href=\"https:\/\/auniao.pb.gov.br\/servicos\/arquivo-digital\/doe\/2019\/setembro\/diario-oficial-11-09-2019.pdf\">Confira as mudan\u00e7as a partir da p\u00e1gina 8<\/a><\/p>\n\n\n\n<p>Tamb\u00e9m foi&nbsp; justificado o prazo menor que 90 dias previsto na Lei, entre a publica\u00e7\u00e3o do edital de abertura e a realiza\u00e7\u00e3o da prova objetiva.<\/p>\n\n\n\n<p>As inscri\u00e7\u00f5es para o concurso da Fundac seguem at\u00e9 o dia 7 de outubro atrav\u00e9s do site da empresa organizadora do concurso.&nbsp; &nbsp;O valor da inscri\u00e7\u00e3o ser\u00e1 de R$ 56,00.&nbsp;<\/p>\n\n\n\n<p><a href=\"http:\/\/www.ibade.org.br\/Concurso\/418\/Inicio\">Acesse este link para fazer sua inscri\u00e7\u00e3o<\/a><br><\/p>\n\n\n\n<p>As vagas s\u00e3o para os munic\u00edpios de Jo\u00e3o Pessoa, Bayeux, Cabedelo, Santa Rita, Mamanguape, Rio Tinto, Sap\u00e9, Itabaiana, Guarabira, Lagoa Seca, Campina Grande, Alagoa Grande, Bananeiras, Monteiro, Sousa, Santa Luzia, Patos, Pianc\u00f3, Itaporanga, Concei\u00e7\u00e3o, Uira\u00fana e Cajazeiras.<\/p>\n\n\n\n<p>A realiza\u00e7\u00e3o da Prova Objetiva est\u00e1 marcada para o dia 27 de outubro<\/p>\n","protected":false},"excerpt":{"rendered":"<p>O Governo do Estado publicou, nesta quarta-feira (11), uma retifica\u00e7\u00e3o no edital do concurso para a Funda\u00e7\u00e3o de Desenvolvimento da Crian\u00e7a e do Adolescente (Fundac).&hellip; <\/p>\n","protected":false},"author":1,"featured_media":115298,"comment_status":"closed","ping_status":"closed","sticky":false,"template":"","format":"standard","meta":{"sfsi_plus_gutenberg_text_before_share":"","sfsi_plus_gutenberg_show_text_before_share":"","sfsi_plus_gutenberg_icon_type":"","sfsi_plus_gutenberg_icon_alignemt":"","sfsi_plus_gutenburg_max_per_row":"","footnotes":""},"categories":[2],"tags":[],"class_list":["post-115297","post","type-post","status-publish","format-standard","has-post-thumbnail","hentry","category-geral"],"_links":{"self":[{"href":"https:\/\/www.caririemacao.com\/1\/wp-json\/wp\/v2\/posts\/115297","targetHints":{"allow":["GET"]}}],"collection":[{"href":"https:\/\/www.caririemacao.com\/1\/wp-json\/wp\/v2\/posts"}],"about":[{"href":"https:\/\/www.caririemacao.com\/1\/wp-json\/wp\/v2\/types\/post"}],"author":[{"embeddable":true,"href":"https:\/\/www.caririemacao.com\/1\/wp-json\/wp\/v2\/users\/1"}],"replies":[{"embeddable":true,"href":"https:\/\/www.caririemacao.com\/1\/wp-json\/wp\/v2\/comments?post=115297"}],"version-history":[{"count":1,"href":"https:\/\/www.caririemacao.com\/1\/wp-json\/wp\/v2\/posts\/115297\/revisions"}],"predecessor-version":[{"id":115299,"href":"https:\/\/www.caririemacao.com\/1\/wp-json\/wp\/v2\/posts\/115297\/revisions\/115299"}],"wp:featuredmedia":[{"embeddable":true,"href":"https:\/\/www.caririemacao.com\/1\/wp-json\/wp\/v2\/media\/115298"}],"wp:attachment":[{"href":"https:\/\/www.caririemacao.com\/1\/wp-json\/wp\/v2\/media?parent=115297"}],"wp:term":[{"taxonomy":"category","embeddable":true,"href":"https:\/\/www.caririemacao.com\/1\/wp-json\/wp\/v2\/categories?post=115297"},{"taxonomy":"post_tag","embeddable":true,"href":"https:\/\/www.caririemacao.com\/1\/wp-json\/wp\/v2\/tags?post=115297"}],"curies":[{"name":"wp","href":"https:\/\/api.w.org\/{rel}","templated":true}]}}