{"id":115306,"date":"2019-09-11T09:26:37","date_gmt":"2019-09-11T12:26:37","guid":{"rendered":"http:\/\/www.caririemacao.com\/1\/?p=115306"},"modified":"2019-09-11T09:26:37","modified_gmt":"2019-09-11T12:26:37","slug":"paraiba-registra-novos-casos-de-doacao-de-multiorgaos-e-tecidos","status":"publish","type":"post","link":"https:\/\/www.caririemacao.com\/1\/2019\/09\/11\/paraiba-registra-novos-casos-de-doacao-de-multiorgaos-e-tecidos\/","title":{"rendered":"Para\u00edba registra novos casos de doa\u00e7\u00e3o de multi\u00f3rg\u00e3os e tecidos"},"content":{"rendered":"\n<p>O Estado Para\u00edba registrou&nbsp;no m\u00eas de setembro novos casos de doa\u00e7\u00e3o de&nbsp;multi\u00f3rg\u00e3os e tecidos.&nbsp;No ano de 2019, j\u00e1 foram realizados&nbsp;13 transplantes de f\u00edgado no Estado.<\/p>\n\n\n\n<p>De acordo com as estat\u00edsticas, a&nbsp;marca de 2010,&nbsp;havia sido a maior&nbsp;deste \u00f3rg\u00e3o. Neste ano, a marca foi ultrapassada, antes do t\u00e9rmino de 2019. Comparativamente, em rela\u00e7\u00e3o ao ano anterior, o aumento do transplante de f\u00edgado j\u00e1 se elevou em&nbsp;350%, haja vista que em 2018 foram realizados 03 transplantes de f\u00edgado, durante todo o ano.<\/p>\n\n\n\n<p>No Hospital de Trauma de Campina Grande ocorrer\u00e1 uma nova capta\u00e7\u00e3o.O potencial doador(a), v\u00edtima de AVC hemorr\u00e1gico, de 54 anos est\u00e1 em processo de avalia\u00e7\u00e3o quanto a compatibilidade com os pacientes da lista de espera. O f\u00edgado ser\u00e1 encaminhado para Para\u00edba, assim como o rim esquerdo e as c\u00f3rneas. O rim direito est\u00e1 sendo ofertado via Sistema Nacional de Transplantes.&nbsp;<\/p>\n\n\n\n<p>Na tarde desta ter\u00e7a-feira (10), ocorreu a capta\u00e7\u00e3o de c\u00f3rneas de paciente do sexo feminino, de 80 anos, vitima de AVCh, no Hospital Metropolitano de Santa Rita.&nbsp;Na ocasi\u00e3o, por conta da idade, apenas as c\u00f3rneas foram captadas e seguiram para o banco de olhos do Estado da Para\u00edba.&nbsp;<\/p>\n\n\n\n<p>De acordo com o secret\u00e1rio de Sa\u00fade, Geraldo Medeiros, esses s\u00e3o avan\u00e7os di\u00e1rios significativos na Gest\u00e3o Estadual de Transplantes.<\/p>\n\n\n\n<p><strong>Confira os dados&nbsp;<\/strong><\/p>\n\n\n\n<p><strong>Doa\u00e7\u00e3o multi\u00f3rg\u00e3os &#8211; Hospital de Trauma de Campina Grande&nbsp;<\/strong><\/p>\n\n\n\n<p><strong>F\u00edgado<\/strong><br>&#8211; 01 capta\u00e7\u00e3o no Hospital de Trauma de CG<br>&#8211; 01 transplante no HNSN &#8211; Sexo Masculino &#8211; 62 anos<br><strong>Rins<\/strong><br>&#8211; 02 capta\u00e7\u00f5es no Hospital de Trauma de CG<br>&#8211; 01 \u00f3rg\u00e3os destinado ao Sistema Nacional de Transplantes (SNT)- em defini\u00e7\u00e3o do Estado que vai receber&nbsp;<br>&#8211; 01 \u00f3rg\u00e3os destinados ao Estado da Para\u00edba. Receptores: sexo feminino, 42<br><strong>C\u00f3rneas&nbsp;<\/strong><br>&#8211; 02 capta\u00e7\u00f5es no Hospital de Trauma de CG<br>&#8211; 02 c\u00f3rneas destinadas ao Banco de Olhos do Estado da Para\u00edba<br><\/p>\n\n\n\n<p>Entre os dias 06\/09\/19 &#8211; 10\/09\/19,&nbsp; a Central de Transplantes do Estado da Para\u00edba vem demonstrar os seguintes resultados:<\/p>\n\n\n\n<p><strong>Cora\u00e7\u00e3o<\/strong><br>&#8211; 01 capta\u00e7\u00e3o no HEETSHL &#8211; destinado ao IMIP-PE<br><strong>F\u00edgado<\/strong><br>&#8211; 01 capta\u00e7\u00e3o no HEETSHL &#8211; destinado ao Estado de Pernambuco<br>&#8211; 01 capta\u00e7\u00e3o no Hospital de Trauma de CG<br>&#8211; 01 transplante no HNSN &#8211; Sexo Masculino &#8211; 62 anos<br><strong>Rins<\/strong><br>&#8211; 02 capta\u00e7\u00f5es no HEETSHL<br>&#8211; 02 capta\u00e7\u00f5es no Hospital de Trauma de CG<br>&#8211; 03 transplantes no HNSN &#8211; Jo\u00e3o Pessoa<br>&#8211; 01 \u00f3rg\u00e3os destinado ao estado de Pernambuco&nbsp;<br>&#8211; 02 \u00f3rg\u00e3os destinados ao Estado da Para\u00edba. Dois pacientes do sexo feminino receberam os \u00f3rg\u00e3os.<br><strong>C\u00f3rnea<\/strong><br>&#8211; 02 capta\u00e7\u00f5es no HEETSHL<br>&#8211; 02 capta\u00e7\u00f5es no Hospital Metropolitano<br>&#8211; 02 capta\u00e7\u00f5es no Hospital de Trauma de CG<br>&#8211; 06 c\u00f3rneas destinadas ao Banco de Olhos do Estado da Para\u00edba<\/p>\n","protected":false},"excerpt":{"rendered":"<p>O Estado Para\u00edba registrou&nbsp;no m\u00eas de setembro novos casos de doa\u00e7\u00e3o de&nbsp;multi\u00f3rg\u00e3os e tecidos.&nbsp;No ano de 2019, j\u00e1 foram realizados&nbsp;13 transplantes de f\u00edgado no Estado.&hellip; <\/p>\n","protected":false},"author":1,"featured_media":115308,"comment_status":"closed","ping_status":"closed","sticky":false,"template":"","format":"standard","meta":{"sfsi_plus_gutenberg_text_before_share":"","sfsi_plus_gutenberg_show_text_before_share":"","sfsi_plus_gutenberg_icon_type":"","sfsi_plus_gutenberg_icon_alignemt":"","sfsi_plus_gutenburg_max_per_row":"","footnotes":""},"categories":[16],"tags":[],"class_list":["post-115306","post","type-post","status-publish","format-standard","has-post-thumbnail","hentry","category-saude"],"_links":{"self":[{"href":"https:\/\/www.caririemacao.com\/1\/wp-json\/wp\/v2\/posts\/115306","targetHints":{"allow":["GET"]}}],"collection":[{"href":"https:\/\/www.caririemacao.com\/1\/wp-json\/wp\/v2\/posts"}],"about":[{"href":"https:\/\/www.caririemacao.com\/1\/wp-json\/wp\/v2\/types\/post"}],"author":[{"embeddable":true,"href":"https:\/\/www.caririemacao.com\/1\/wp-json\/wp\/v2\/users\/1"}],"replies":[{"embeddable":true,"href":"https:\/\/www.caririemacao.com\/1\/wp-json\/wp\/v2\/comments?post=115306"}],"version-history":[{"count":1,"href":"https:\/\/www.caririemacao.com\/1\/wp-json\/wp\/v2\/posts\/115306\/revisions"}],"predecessor-version":[{"id":115309,"href":"https:\/\/www.caririemacao.com\/1\/wp-json\/wp\/v2\/posts\/115306\/revisions\/115309"}],"wp:featuredmedia":[{"embeddable":true,"href":"https:\/\/www.caririemacao.com\/1\/wp-json\/wp\/v2\/media\/115308"}],"wp:attachment":[{"href":"https:\/\/www.caririemacao.com\/1\/wp-json\/wp\/v2\/media?parent=115306"}],"wp:term":[{"taxonomy":"category","embeddable":true,"href":"https:\/\/www.caririemacao.com\/1\/wp-json\/wp\/v2\/categories?post=115306"},{"taxonomy":"post_tag","embeddable":true,"href":"https:\/\/www.caririemacao.com\/1\/wp-json\/wp\/v2\/tags?post=115306"}],"curies":[{"name":"wp","href":"https:\/\/api.w.org\/{rel}","templated":true}]}}