{"id":115324,"date":"2019-09-11T10:03:49","date_gmt":"2019-09-11T13:03:49","guid":{"rendered":"http:\/\/www.caririemacao.com\/1\/?p=115324"},"modified":"2019-09-11T10:03:49","modified_gmt":"2019-09-11T13:03:49","slug":"cantor-mano-walter-entra-em-cerimonia-de-casamento-montado-em-cavalo","status":"publish","type":"post","link":"https:\/\/www.caririemacao.com\/1\/2019\/09\/11\/cantor-mano-walter-entra-em-cerimonia-de-casamento-montado-em-cavalo\/","title":{"rendered":"Cantor Mano Walter entra em cerim\u00f4nia de casamento montado em cavalo"},"content":{"rendered":"\n<p>O cantor Mano Walter e a ex-miss Santa Catarina de 2018, D\u00e9bora Silva celebraram a uni\u00e3o, na tarde desta ter\u00e7a-feira (10),&nbsp;na resid\u00eancia do cantor, que fica em Marechal Deodoro, em Macei\u00f3, no Alagoas.<\/p>\n\n\n\n<p>O cantor chegou \u00e0&nbsp;cerim\u00f4nia montado em um cavalo ao som do seu sucesso &#8220;N\u00e3o deixo n\u00e3o&#8221;. Mano Walter, usou um terno Ricardo Almeida, desceu do cavalo e foi at\u00e9 ao altar acompanhado da m\u00e3e.&nbsp;<\/p>\n\n\n\n<figure class=\"wp-block-image\"><img decoding=\"async\" data-src=\"https:\/\/www.clickpb.com.br\/media\/filer_public\/04\/21\/04216302-138b-4e48-965b-495fcbe90fe2\/mano_walter.png\" alt=\"\" src=\"data:image\/svg+xml;base64,PHN2ZyB3aWR0aD0iMSIgaGVpZ2h0PSIxIiB4bWxucz0iaHR0cDovL3d3dy53My5vcmcvMjAwMC9zdmciPjwvc3ZnPg==\" class=\"lazyload\" \/><\/figure>\n\n\n\n<p>A noiva, D\u00e9bora Silva usando&nbsp;um vestido&nbsp;assinado pela estilista Karla Vivian, entrou na cerim\u00f4nia, ao som de &#8220;Meu Abrigo&#8221; cantada pelo noivo.&nbsp;<\/p>\n\n\n\n<p>A cerim\u00f4nia de casamento&nbsp;foi transmitida em live divulgada na web, com direito \u00e0 bela paisagem \u00e0 beira mar, com presen\u00e7a de familiares e amigos do casal, incluindo famosos.&nbsp;<\/p>\n\n\n\n<p>Nomes como Eliana, C\u00e9sar Menotti e Fabiano, L\u00e9o Santana, Carlinhos Maia, Lucas Guimar\u00e3es e Latino&nbsp;estiveram por l\u00e1 para parabenizar os noivos.&nbsp;<\/p>\n\n\n\n<p>Para agitar os convidados, a festa contou com shows de&nbsp;L\u00e9o Santana e Latino, al\u00e9m de picape comandada pelo DJ Ralk.<\/p>\n","protected":false},"excerpt":{"rendered":"<p>O cantor Mano Walter e a ex-miss Santa Catarina de 2018, D\u00e9bora Silva celebraram a uni\u00e3o, na tarde desta ter\u00e7a-feira (10),&nbsp;na resid\u00eancia do cantor, que&hellip; <\/p>\n","protected":false},"author":1,"featured_media":115326,"comment_status":"closed","ping_status":"closed","sticky":false,"template":"","format":"standard","meta":{"sfsi_plus_gutenberg_text_before_share":"","sfsi_plus_gutenberg_show_text_before_share":"","sfsi_plus_gutenberg_icon_type":"","sfsi_plus_gutenberg_icon_alignemt":"","sfsi_plus_gutenburg_max_per_row":"","footnotes":""},"categories":[2],"tags":[],"class_list":["post-115324","post","type-post","status-publish","format-standard","has-post-thumbnail","hentry","category-geral"],"_links":{"self":[{"href":"https:\/\/www.caririemacao.com\/1\/wp-json\/wp\/v2\/posts\/115324","targetHints":{"allow":["GET"]}}],"collection":[{"href":"https:\/\/www.caririemacao.com\/1\/wp-json\/wp\/v2\/posts"}],"about":[{"href":"https:\/\/www.caririemacao.com\/1\/wp-json\/wp\/v2\/types\/post"}],"author":[{"embeddable":true,"href":"https:\/\/www.caririemacao.com\/1\/wp-json\/wp\/v2\/users\/1"}],"replies":[{"embeddable":true,"href":"https:\/\/www.caririemacao.com\/1\/wp-json\/wp\/v2\/comments?post=115324"}],"version-history":[{"count":1,"href":"https:\/\/www.caririemacao.com\/1\/wp-json\/wp\/v2\/posts\/115324\/revisions"}],"predecessor-version":[{"id":115327,"href":"https:\/\/www.caririemacao.com\/1\/wp-json\/wp\/v2\/posts\/115324\/revisions\/115327"}],"wp:featuredmedia":[{"embeddable":true,"href":"https:\/\/www.caririemacao.com\/1\/wp-json\/wp\/v2\/media\/115326"}],"wp:attachment":[{"href":"https:\/\/www.caririemacao.com\/1\/wp-json\/wp\/v2\/media?parent=115324"}],"wp:term":[{"taxonomy":"category","embeddable":true,"href":"https:\/\/www.caririemacao.com\/1\/wp-json\/wp\/v2\/categories?post=115324"},{"taxonomy":"post_tag","embeddable":true,"href":"https:\/\/www.caririemacao.com\/1\/wp-json\/wp\/v2\/tags?post=115324"}],"curies":[{"name":"wp","href":"https:\/\/api.w.org\/{rel}","templated":true}]}}