{"id":115335,"date":"2019-09-11T10:07:28","date_gmt":"2019-09-11T13:07:28","guid":{"rendered":"http:\/\/www.caririemacao.com\/1\/?p=115335"},"modified":"2019-09-11T10:07:28","modified_gmt":"2019-09-11T13:07:28","slug":"bolsonaro-tem-dieta-oral-suspensa-e-vai-para-alimentacao-endovenosa","status":"publish","type":"post","link":"https:\/\/www.caririemacao.com\/1\/2019\/09\/11\/bolsonaro-tem-dieta-oral-suspensa-e-vai-para-alimentacao-endovenosa\/","title":{"rendered":"Bolsonaro tem dieta oral suspensa e vai para alimenta\u00e7\u00e3o endovenosa"},"content":{"rendered":"\n<p>O presidente Jair Bolsonaro passou, nas \u00faltimas horas, a ser alimentado de forma endovenosa (pela veia), segundo o boletim m\u00e9dico divulgado hoje (11) pelo pelo Hospital Vila Nova Star. Desde a segunda-feira (9), os m\u00e9dicos tinham introduzido uma dieta l\u00edquida para o presidente. No entanto, diante da evolu\u00e7\u00e3o do quadro, Bolsonaro s\u00f3 voltar\u00e1 a ingerir alimentos oralmente ap\u00f3s novas avalia\u00e7\u00f5es m\u00e9dicas.<\/p>\n\n\n\n<p>De acordo com o comunicado divulgado nesta manh\u00e3, o presidente apresentou nas \u00faltimas 12 horas uma \u201clentifica\u00e7\u00e3o dos movimentos intestinais e distens\u00e3o abdominal\u201d, que levaram n\u00e3o s\u00f3 a suspens\u00e3o da alimenta\u00e7\u00e3o oral como a \u201cpassagem de sonda nasog\u00e1strica\u201d. Ele segue sem dores ou febre.<\/p>\n\n\n\n<p>Essa \u00e9 a quarta cirurgia a qual Bolsonaro \u00e9 submetido desde que foi esfaqueado em um ato de campanha eleitoral em setembro de 2018. Bolsonaro deu entrada no hospital, localizado na zona sul da capital paulista, na noite do \u00faltimo s\u00e1bado (7) para ser submetido a uma cirurgia para tratamento de h\u00e9rnia incisional na regi\u00e3o do abdome.<\/p>\n\n\n\n<p>Ontem (10), o porta-voz da Presid\u00eancia, Ot\u00e1vio R\u00eago Barros, disse que est\u00e1 mantida a previs\u00e3o para que Bolsonaro reassuma o cargo depois do fim do prazo de cinco dias licenciado. O vice-presidente Hamilton Mour\u00e3o exerce interinamente a Presid\u00eancia desde o \u00faltimo domingo e deve continuar na fun\u00e7\u00e3o at\u00e9 quinta-feira (12). Foi disponibilizada uma ala do hospital para a equipe da Presid\u00eancia e para a fam\u00edlia de Bolsonaro.<\/p>\n","protected":false},"excerpt":{"rendered":"<p>O presidente Jair Bolsonaro passou, nas \u00faltimas horas, a ser alimentado de forma endovenosa (pela veia), segundo o boletim m\u00e9dico divulgado hoje (11) pelo pelo&hellip; <\/p>\n","protected":false},"author":1,"featured_media":110902,"comment_status":"closed","ping_status":"closed","sticky":false,"template":"","format":"standard","meta":{"sfsi_plus_gutenberg_text_before_share":"","sfsi_plus_gutenberg_show_text_before_share":"","sfsi_plus_gutenberg_icon_type":"","sfsi_plus_gutenberg_icon_alignemt":"","sfsi_plus_gutenburg_max_per_row":"","footnotes":""},"categories":[11],"tags":[],"class_list":["post-115335","post","type-post","status-publish","format-standard","has-post-thumbnail","hentry","category-politica"],"_links":{"self":[{"href":"https:\/\/www.caririemacao.com\/1\/wp-json\/wp\/v2\/posts\/115335","targetHints":{"allow":["GET"]}}],"collection":[{"href":"https:\/\/www.caririemacao.com\/1\/wp-json\/wp\/v2\/posts"}],"about":[{"href":"https:\/\/www.caririemacao.com\/1\/wp-json\/wp\/v2\/types\/post"}],"author":[{"embeddable":true,"href":"https:\/\/www.caririemacao.com\/1\/wp-json\/wp\/v2\/users\/1"}],"replies":[{"embeddable":true,"href":"https:\/\/www.caririemacao.com\/1\/wp-json\/wp\/v2\/comments?post=115335"}],"version-history":[{"count":1,"href":"https:\/\/www.caririemacao.com\/1\/wp-json\/wp\/v2\/posts\/115335\/revisions"}],"predecessor-version":[{"id":115338,"href":"https:\/\/www.caririemacao.com\/1\/wp-json\/wp\/v2\/posts\/115335\/revisions\/115338"}],"wp:featuredmedia":[{"embeddable":true,"href":"https:\/\/www.caririemacao.com\/1\/wp-json\/wp\/v2\/media\/110902"}],"wp:attachment":[{"href":"https:\/\/www.caririemacao.com\/1\/wp-json\/wp\/v2\/media?parent=115335"}],"wp:term":[{"taxonomy":"category","embeddable":true,"href":"https:\/\/www.caririemacao.com\/1\/wp-json\/wp\/v2\/categories?post=115335"},{"taxonomy":"post_tag","embeddable":true,"href":"https:\/\/www.caririemacao.com\/1\/wp-json\/wp\/v2\/tags?post=115335"}],"curies":[{"name":"wp","href":"https:\/\/api.w.org\/{rel}","templated":true}]}}