{"id":115352,"date":"2019-09-11T10:11:38","date_gmt":"2019-09-11T13:11:38","guid":{"rendered":"http:\/\/www.caririemacao.com\/1\/?p=115352"},"modified":"2019-09-11T10:11:38","modified_gmt":"2019-09-11T13:11:38","slug":"palmeiras-goleia-fluminense-e-segue-em-terceiro-no-brasileirao","status":"publish","type":"post","link":"https:\/\/www.caririemacao.com\/1\/2019\/09\/11\/palmeiras-goleia-fluminense-e-segue-em-terceiro-no-brasileirao\/","title":{"rendered":"Palmeiras goleia Fluminense e segue em terceiro no Brasileir\u00e3o"},"content":{"rendered":"\n<p>Com tr\u00eas gols do atacante&nbsp;Luiz&nbsp;Adriano, o Palmeiras superou o Fluminense em jogo atrasado da 16\u00aa rodada do Campeonato Brasileiro. Foi a&nbsp;segunda&nbsp;vit\u00f3ria consecutiva do Verd\u00e3o sob o comando de Mano Menezes. \u201cConstru\u00edmos um resultado importante que nos aproxima de Flamengo e Santos\u201d, avaliou o treinador, que agora prepara o time paulista para enfrentar o Cruzeiro dentro de casa,na Arena Allianz Parque, no pr\u00f3ximo&nbsp;s\u00e1bado&nbsp;(14).<\/p>\n\n\n\n<p>J\u00e1 o Fluminense, escalado com Ganso e Nen\u00ea, n\u00e3o conseguiu superar press\u00e3o palmeirense. Para o treinador Oswaldo de Oliveira, o emocional do time est\u00e1 atrapalhando nas finaliza\u00e7\u00f5es. \u201cNosso time ficou muito abatido no intervalo. Tentei reanim\u00e1-los, mostrando que pod\u00edamos chegar ao empate no segundo tempo. Mas, em dado momento, a equipe ficou sem rea\u00e7\u00e3o\u201d, analisou o t\u00e9cnico da equipe carioca.Audio Player00:0000:00<strong>Ou\u00e7a na R\u00e1dio Nacional<\/strong><\/p>\n\n\n\n<p>A pr\u00f3xima partida do tricolor carioca ser\u00e1 em&nbsp;Bras\u00edlia, contra o &nbsp;Corinthians, no&nbsp;domingo&nbsp;(15). \u201c\u00c9 uma alternativa financeira do clube e n\u00f3s respeitamos\u201d, ponderou Oswaldo, lembrando que n\u00e3o h\u00e1 problema do Flu jogar no Rio, mesmo com o time sob a press\u00e3o da torcida pelo mau desempenho no Brasileir\u00e3o.<\/p>\n\n\n\n<p>O Fluminense&nbsp;est\u00e1 na Zona do Rebaixamento (17\u00ba)&nbsp;&nbsp;com 15 pontos;&nbsp;&nbsp;j\u00e1 o Palmeiras segue na cola dos l\u00edderes: ocupa a terceira posi\u00e7\u00e3o da tabela,com 36 pontos.<\/p>\n","protected":false},"excerpt":{"rendered":"<p>Com tr\u00eas gols do atacante&nbsp;Luiz&nbsp;Adriano, o Palmeiras superou o Fluminense em jogo atrasado da 16\u00aa rodada do Campeonato Brasileiro. Foi a&nbsp;segunda&nbsp;vit\u00f3ria consecutiva do Verd\u00e3o sob&hellip; <\/p>\n","protected":false},"author":1,"featured_media":103446,"comment_status":"closed","ping_status":"closed","sticky":false,"template":"","format":"standard","meta":{"sfsi_plus_gutenberg_text_before_share":"","sfsi_plus_gutenberg_show_text_before_share":"","sfsi_plus_gutenberg_icon_type":"","sfsi_plus_gutenberg_icon_alignemt":"","sfsi_plus_gutenburg_max_per_row":"","footnotes":""},"categories":[13],"tags":[],"class_list":["post-115352","post","type-post","status-publish","format-standard","has-post-thumbnail","hentry","category-esportes"],"_links":{"self":[{"href":"https:\/\/www.caririemacao.com\/1\/wp-json\/wp\/v2\/posts\/115352","targetHints":{"allow":["GET"]}}],"collection":[{"href":"https:\/\/www.caririemacao.com\/1\/wp-json\/wp\/v2\/posts"}],"about":[{"href":"https:\/\/www.caririemacao.com\/1\/wp-json\/wp\/v2\/types\/post"}],"author":[{"embeddable":true,"href":"https:\/\/www.caririemacao.com\/1\/wp-json\/wp\/v2\/users\/1"}],"replies":[{"embeddable":true,"href":"https:\/\/www.caririemacao.com\/1\/wp-json\/wp\/v2\/comments?post=115352"}],"version-history":[{"count":1,"href":"https:\/\/www.caririemacao.com\/1\/wp-json\/wp\/v2\/posts\/115352\/revisions"}],"predecessor-version":[{"id":115354,"href":"https:\/\/www.caririemacao.com\/1\/wp-json\/wp\/v2\/posts\/115352\/revisions\/115354"}],"wp:featuredmedia":[{"embeddable":true,"href":"https:\/\/www.caririemacao.com\/1\/wp-json\/wp\/v2\/media\/103446"}],"wp:attachment":[{"href":"https:\/\/www.caririemacao.com\/1\/wp-json\/wp\/v2\/media?parent=115352"}],"wp:term":[{"taxonomy":"category","embeddable":true,"href":"https:\/\/www.caririemacao.com\/1\/wp-json\/wp\/v2\/categories?post=115352"},{"taxonomy":"post_tag","embeddable":true,"href":"https:\/\/www.caririemacao.com\/1\/wp-json\/wp\/v2\/tags?post=115352"}],"curies":[{"name":"wp","href":"https:\/\/api.w.org\/{rel}","templated":true}]}}