{"id":115361,"date":"2019-09-11T10:14:53","date_gmt":"2019-09-11T13:14:53","guid":{"rendered":"http:\/\/www.caririemacao.com\/1\/?p=115361"},"modified":"2019-09-11T10:14:53","modified_gmt":"2019-09-11T13:14:53","slug":"mec-quer-enviar-ao-congresso-em-outubro-texto-do-programa-future-se","status":"publish","type":"post","link":"https:\/\/www.caririemacao.com\/1\/2019\/09\/11\/mec-quer-enviar-ao-congresso-em-outubro-texto-do-programa-future-se\/","title":{"rendered":"MEC quer enviar ao Congresso em outubro texto do programa Future-se"},"content":{"rendered":"\n<p>O Minist\u00e9rio da Educa\u00e7\u00e3o (MEC) pretende enviar ao Congresso Nacional, no in\u00edcio de outubro, texto que definir\u00e1 o programa Future-se para que seja analisado pelos parlamentares, de acordo com informa\u00e7\u00f5es do secret\u00e1rio de Educa\u00e7\u00e3o Superior da pasta, Arnaldo Barbosa.&nbsp; O governo ainda vai definir se apresentar\u00e1 um projeto de lei ou uma medida provis\u00f3ria (MP).<\/p>\n\n\n\n<p>\u201cEssa ser\u00e1 uma decis\u00e3o especialmente do Pal\u00e1cio do Planalto e depende do grau de consenso que conseguiremos com os reitores. \u00c9 dif\u00edcil falar agora, mas n\u00e3o h\u00e1 d\u00favida que \u00e9 urgente ter uma nova estrat\u00e9gia de financiamento para as universidades\u201d, diz Barbosa, que participou nessa ter\u00e7a-feira (10) do programa&nbsp;<em>Brasil em Pauta<\/em>, da&nbsp;<strong>TV Brasil<\/strong>.&nbsp;<\/p>\n\n\n\n<p>Um projeto de lei precisa ser aprovado pelo Congresso e sancionado pelo presidente para come\u00e7ar a vigorar. J\u00e1 a MP passa a valer assim que \u00e9 publicada pelo presidente da Rep\u00fablica no&nbsp;<em>Di\u00e1rio Oficial da Uni\u00e3o<\/em>, mas precisa ser aprovada pelo Congresso Nacional no prazo de at\u00e9 120 dias para ser transformada definitivamente em lei.&nbsp;<\/p>\n\n\n\n<p>De acordo com Barbosa, pelo menos 16 dos 63 reitores de universidades federais t\u00eam interesse em aderir ao Future-se. \u201cO que \u00e9 uma ades\u00e3o muito forte\u201d, diz. Ele pondera, no entanto, que ainda se deve fazer uma discuss\u00e3o. &#8220;N\u00e3o se deve falar em ades\u00e3o ou rejei\u00e7\u00e3o porque ainda tem que passar pelo Congresso Nacional\u201d.<\/p>\n\n\n\n<p>Apresentado pelo MEC em julho, o Future-se, entre outras estrat\u00e9gias, cria um&nbsp;<a href=\"http:\/\/agenciabrasil.ebc.com.br\/educacao\/noticia\/2019-07\/mec-quer-criar-fundo-para-financiar-universidades-federais\" target=\"_blank\" rel=\"noreferrer noopener\">fundo para financiar as universidades<\/a>&nbsp;federais. A inten\u00e7\u00e3o \u00e9 atrair tamb\u00e9m recursos privados, facilitar processos licitat\u00f3rios e, com isso, financiar pesquisa, inova\u00e7\u00e3o, empreendedorismo e internacionaliza\u00e7\u00e3o nas institui\u00e7\u00f5es de ensino. Trata-se de um recurso extra. As universidades seguir\u00e3o, segundo a pasta, contando com o or\u00e7amento p\u00fablico.<\/p>\n\n\n\n<p>O texto do programa passou por consulta p\u00fablica e recebeu mais de 20 mil contribui\u00e7\u00f5es. Segundo Barbosa, o MEC trabalha agora com a an\u00e1lise e organiza\u00e7\u00e3o das sugest\u00f5es.&nbsp;<\/p>\n\n\n\n<p>Ele adianta que a pasta pretende tornar mais claros alguns pontos no texto inicial, como o trecho que define a atua\u00e7\u00e3o de organiza\u00e7\u00f5es sociais (OSs) e de funda\u00e7\u00f5es de apoio nas universidades. \u201cVamos deixar mais claro na proposta de altera\u00e7\u00e3o legislativa que as atividades que as organiza\u00e7\u00f5es sociais e as funda\u00e7\u00f5es de apoio desempenhar\u00e3o s\u00e3o frutos do que o pr\u00f3prio conselho superior [das universidades] determinarem. Ent\u00e3o, n\u00e3o h\u00e1 de se falar em quebra de autonomia a partir do momento em que quem manda nas universidades \u00e9 o conselho superior\u201d, disse.&nbsp;<\/p>\n\n\n\n<p>O secret\u00e1rio acrescentou que \u201co servi\u00e7o prestado por essas organiza\u00e7\u00f5es \u00e9 escolhido pelos reitores\u201d. A atua\u00e7\u00e3o das OSs foi um ponto que gerou&nbsp;<a href=\"http:\/\/agenciabrasil.ebc.com.br\/educacao\/noticia\/2019-07\/reitores-tem-duvidas-sobre-o-programa-future-se\" target=\"_blank\" rel=\"noreferrer noopener\">d\u00favidas entre os reitores<\/a>&nbsp;ap\u00f3s o an\u00fancio do programa.<\/p>\n\n\n\n<p>O Future-se, de acordo com Barbosa, tamb\u00e9m vai permitir que universidades e empresas juniores, ligadas \u00e0s institui\u00e7\u00f5es, possam ser dispensadas de licita\u00e7\u00e3o em contratos com a administra\u00e7\u00e3o p\u00fablica federal, estadual e municipal. \u201cSer\u00e1 mais uma forma de as universidades buscarem recursos adicionais, inclusive prestando servi\u00e7o de consultoria para outros minist\u00e9rios\u201d, destacou.<\/p>\n\n\n\n<p>O programa dever\u00e1 ainda premiar, com recursos adicionais, as universidades que apresentarem melhorias em \u00edndices de governan\u00e7a, de empreendedorismo, de pesquisa, inova\u00e7\u00e3o e de internacionaliza\u00e7\u00e3o.<\/p>\n\n\n\n<figure><iframe allowfullscreen=\"\" data-src=\"https:\/\/www.youtube.com\/embed\/OCZZ-Mo60kw\" src=\"data:image\/svg+xml;base64,PHN2ZyB3aWR0aD0iMSIgaGVpZ2h0PSIxIiB4bWxucz0iaHR0cDovL3d3dy53My5vcmcvMjAwMC9zdmciPjwvc3ZnPg==\" class=\"lazyload\" data-load-mode=\"1\"><\/iframe><\/figure>\n","protected":false},"excerpt":{"rendered":"<p>O Minist\u00e9rio da Educa\u00e7\u00e3o (MEC) pretende enviar ao Congresso Nacional, no in\u00edcio de outubro, texto que definir\u00e1 o programa Future-se para que seja analisado pelos&hellip; <\/p>\n","protected":false},"author":1,"featured_media":25096,"comment_status":"closed","ping_status":"closed","sticky":false,"template":"","format":"standard","meta":{"sfsi_plus_gutenberg_text_before_share":"","sfsi_plus_gutenberg_show_text_before_share":"","sfsi_plus_gutenberg_icon_type":"","sfsi_plus_gutenberg_icon_alignemt":"","sfsi_plus_gutenburg_max_per_row":"","footnotes":""},"categories":[14],"tags":[],"class_list":["post-115361","post","type-post","status-publish","format-standard","has-post-thumbnail","hentry","category-educacao"],"_links":{"self":[{"href":"https:\/\/www.caririemacao.com\/1\/wp-json\/wp\/v2\/posts\/115361","targetHints":{"allow":["GET"]}}],"collection":[{"href":"https:\/\/www.caririemacao.com\/1\/wp-json\/wp\/v2\/posts"}],"about":[{"href":"https:\/\/www.caririemacao.com\/1\/wp-json\/wp\/v2\/types\/post"}],"author":[{"embeddable":true,"href":"https:\/\/www.caririemacao.com\/1\/wp-json\/wp\/v2\/users\/1"}],"replies":[{"embeddable":true,"href":"https:\/\/www.caririemacao.com\/1\/wp-json\/wp\/v2\/comments?post=115361"}],"version-history":[{"count":1,"href":"https:\/\/www.caririemacao.com\/1\/wp-json\/wp\/v2\/posts\/115361\/revisions"}],"predecessor-version":[{"id":115363,"href":"https:\/\/www.caririemacao.com\/1\/wp-json\/wp\/v2\/posts\/115361\/revisions\/115363"}],"wp:featuredmedia":[{"embeddable":true,"href":"https:\/\/www.caririemacao.com\/1\/wp-json\/wp\/v2\/media\/25096"}],"wp:attachment":[{"href":"https:\/\/www.caririemacao.com\/1\/wp-json\/wp\/v2\/media?parent=115361"}],"wp:term":[{"taxonomy":"category","embeddable":true,"href":"https:\/\/www.caririemacao.com\/1\/wp-json\/wp\/v2\/categories?post=115361"},{"taxonomy":"post_tag","embeddable":true,"href":"https:\/\/www.caririemacao.com\/1\/wp-json\/wp\/v2\/tags?post=115361"}],"curies":[{"name":"wp","href":"https:\/\/api.w.org\/{rel}","templated":true}]}}