{"id":115385,"date":"2019-09-11T11:18:49","date_gmt":"2019-09-11T14:18:49","guid":{"rendered":"http:\/\/www.caririemacao.com\/1\/?p=115385"},"modified":"2019-09-11T11:18:49","modified_gmt":"2019-09-11T14:18:49","slug":"em-um-ano-incidencia-da-dengue-no-pais-aumenta-600","status":"publish","type":"post","link":"https:\/\/www.caririemacao.com\/1\/2019\/09\/11\/em-um-ano-incidencia-da-dengue-no-pais-aumenta-600\/","title":{"rendered":"Em um ano, incid\u00eancia da dengue no pa\u00eds aumenta 600%"},"content":{"rendered":"\n<p>O Minist\u00e9rio da Sa\u00fade informou hoje (11) que, de 30 de dezembro a 24 de agosto, foram registrados 1.439.471 casos de dengue em todo o pa\u00eds. A m\u00e9dia \u00e9 6.074 casos por dia e representa um aumento de 599,5%, na compara\u00e7\u00e3o com 2018. No ano passado, o per\u00edodo somou 205.791 notifica\u00e7\u00f5es.<\/p>\n\n\n\n<p>Minas Gerais \u00e9, at\u00e9 o momento, o estado com o maior n\u00famero de ocorr\u00eancias, com um total de 471.165. Um ano antes, os munic\u00edpios mineiros registravam 23.290 casos.<\/p>\n\n\n\n<p>S\u00e3o Paulo (437.047) aparece em segundo lugar, sendo, ainda, a unidade federativa em que a incid\u00eancia da doen\u00e7a mais cresceu (3.712%), no intervalo de an\u00e1lise. Em 2018, foram reportados 11.465 casos.<\/p>\n\n\n\n<p>Tamb\u00e9m s\u00e3o destaque negativo no balan\u00e7o Goi\u00e1s (108.079 casos), Esp\u00edrito Santo (59.318) e Bahia (58.956). Quando o crit\u00e9rio \u00e9 a varia\u00e7\u00e3o por regi\u00e3o do pa\u00eds, o quadro mais cr\u00edtico se encontra no Sul (3.224,9%), que contrasta com o do Centro-Oeste (131,8%). Al\u00e9m disso, nota-se que apenas dois estados apresentaram queda na preval\u00eancia da dengue: Amazonas, que diminuiu o total de 1.962 para 1.384 (-29,5%), e Amap\u00e1, onde houve redu\u00e7\u00e3o de 608 para 141 (-76,8%).<\/p>\n\n\n\n<p>Atualmente, a taxa de incid\u00eancia da dengue no pa\u00eds \u00e9 690,4 casos a cada 100 mil habitantes. No total, 591 pacientes com a doen\u00e7a morreram, neste ano, em decorr\u00eancia de complica\u00e7\u00f5es do quadro de sa\u00fade.<\/p>\n\n\n\n<h2 class=\"wp-block-heading\">Chikungunya e zika<\/h2>\n\n\n\n<p>O levantamento do minist\u00e9rio tamb\u00e9m re\u00fane informa\u00e7\u00f5es sobre a febre&nbsp;<em>chikungunya<\/em>. Ao todo, os estados j\u00e1 contabilizavam, at\u00e9 o final de agosto deste ano, 110.627 casos, contra 76.742 do mesmo per\u00edodo em 2018.<\/p>\n\n\n\n<p>Segundo a pasta, o \u00edndice de preval\u00eancia da infec\u00e7\u00e3o, que tamb\u00e9m tem como transmissor o mosquito Aedes aegypti, \u00e9 bastante inferior ao da dengue: 53,1 casos a cada 100 mil habitantes. Como estados com alta concentra\u00e7\u00e3o da doen\u00e7a destacam-se o Rio de Janeiro (76.776) e o Rio Grande do Norte (8.899).<\/p>\n\n\n\n<p>At\u00e9 o encerramento do balan\u00e7o, haviam sido confirmadas laboratorialmente 57 mortes provocadas pela&nbsp;<em>chikungunya<\/em>. Em \u00e2mbito nacional, a varia\u00e7\u00e3o de um ano para o outro foi 44,2%, sendo que na regi\u00e3o Norte do pa\u00eds o recuo foi 32% e no Centro-Oeste, de 92,7%.<\/p>\n\n\n\n<p>O boletim epidemiol\u00f3gico acompanha tamb\u00e9m a situa\u00e7\u00e3o do zika. Nesse caso, somente o Centro-Oeste apresentou queda nas transmiss\u00f5es (-35,4%).<\/p>\n\n\n\n<p>De 2018 para 2019, o total de casos de zika saltou de 6.669 para 9.813, gerando uma diferen\u00e7a de 47,1% e alterando a taxa de incid\u00eancia de 3,2 para 4,7 ocorr\u00eancias a cada 100 mil habitantes. Neste ano, o zika v\u00edrus foi a causa da morte de duas pessoas.<\/p>\n\n\n\n<h2 class=\"wp-block-heading\">Recomenda\u00e7\u00f5es<\/h2>\n\n\n\n<p>O minist\u00e9rio aconselha que, durante o per\u00edodo de seca, a popula\u00e7\u00e3o mantenha a\u00e7\u00f5es de preven\u00e7\u00e3o, como verificar se existe algum tipo de dep\u00f3sito de \u00e1gua no quintal ou dentro de casa. Outra recomenda\u00e7\u00e3o \u00e9 lavar semanalmente, com \u00e1gua e sab\u00e3o, recipientes como vasilhas de \u00e1gua do animal de estima\u00e7\u00e3o e vasos de plantas.<\/p>\n\n\n\n<p>N\u00e3o deixar que se formem pilhas de lixo ou entulho em locais abertos, como quintais, pra\u00e7as e terrenos baldios \u00e9 outro ponto importante. Outro h\u00e1bito que pode fazer diferen\u00e7a \u00e9 a limpeza regular das calhas, com a devida remo\u00e7\u00e3o de folhas que podem se acumular durante o inverno.<\/p>\n","protected":false},"excerpt":{"rendered":"<p>O Minist\u00e9rio da Sa\u00fade informou hoje (11) que, de 30 de dezembro a 24 de agosto, foram registrados 1.439.471 casos de dengue em todo o&hellip; <\/p>\n","protected":false},"author":1,"featured_media":103079,"comment_status":"closed","ping_status":"closed","sticky":false,"template":"","format":"standard","meta":{"sfsi_plus_gutenberg_text_before_share":"","sfsi_plus_gutenberg_show_text_before_share":"","sfsi_plus_gutenberg_icon_type":"","sfsi_plus_gutenberg_icon_alignemt":"","sfsi_plus_gutenburg_max_per_row":"","footnotes":""},"categories":[16],"tags":[],"class_list":["post-115385","post","type-post","status-publish","format-standard","has-post-thumbnail","hentry","category-saude"],"_links":{"self":[{"href":"https:\/\/www.caririemacao.com\/1\/wp-json\/wp\/v2\/posts\/115385","targetHints":{"allow":["GET"]}}],"collection":[{"href":"https:\/\/www.caririemacao.com\/1\/wp-json\/wp\/v2\/posts"}],"about":[{"href":"https:\/\/www.caririemacao.com\/1\/wp-json\/wp\/v2\/types\/post"}],"author":[{"embeddable":true,"href":"https:\/\/www.caririemacao.com\/1\/wp-json\/wp\/v2\/users\/1"}],"replies":[{"embeddable":true,"href":"https:\/\/www.caririemacao.com\/1\/wp-json\/wp\/v2\/comments?post=115385"}],"version-history":[{"count":1,"href":"https:\/\/www.caririemacao.com\/1\/wp-json\/wp\/v2\/posts\/115385\/revisions"}],"predecessor-version":[{"id":115387,"href":"https:\/\/www.caririemacao.com\/1\/wp-json\/wp\/v2\/posts\/115385\/revisions\/115387"}],"wp:featuredmedia":[{"embeddable":true,"href":"https:\/\/www.caririemacao.com\/1\/wp-json\/wp\/v2\/media\/103079"}],"wp:attachment":[{"href":"https:\/\/www.caririemacao.com\/1\/wp-json\/wp\/v2\/media?parent=115385"}],"wp:term":[{"taxonomy":"category","embeddable":true,"href":"https:\/\/www.caririemacao.com\/1\/wp-json\/wp\/v2\/categories?post=115385"},{"taxonomy":"post_tag","embeddable":true,"href":"https:\/\/www.caririemacao.com\/1\/wp-json\/wp\/v2\/tags?post=115385"}],"curies":[{"name":"wp","href":"https:\/\/api.w.org\/{rel}","templated":true}]}}