{"id":115394,"date":"2019-09-11T11:22:00","date_gmt":"2019-09-11T14:22:00","guid":{"rendered":"http:\/\/www.caririemacao.com\/1\/?p=115394"},"modified":"2019-09-11T11:22:00","modified_gmt":"2019-09-11T14:22:00","slug":"faca-usada-por-adelio-bispo-em-ataque-a-bolsonaro-ira-para-museu-no-df","status":"publish","type":"post","link":"https:\/\/www.caririemacao.com\/1\/2019\/09\/11\/faca-usada-por-adelio-bispo-em-ataque-a-bolsonaro-ira-para-museu-no-df\/","title":{"rendered":"Faca usada por Ad\u00e9lio Bispo em ataque a Bolsonaro ir\u00e1 para museu no DF"},"content":{"rendered":"\n<p>&nbsp;O instrumento usado na pr\u00e1tica de um ato hist\u00f3rico ir\u00e1 para o lugar onde costumam ser guardados objetos com essa carga. Nesta ter\u00e7a-feira (10), a Justi\u00e7a decidiu enviar para um museu a faca que Ad\u00e9lio Bispo de Oliveira enfiou na barriga de Jair Bolsonaro (PSL) durante a campanha eleitoral de 2018.<\/p>\n\n\n\n<p>A decis\u00e3o do juiz Bruno Savino, da 3\u00aa Vara da Justi\u00e7a Federal em Juiz de Fora (MG), atende a pedido do MPF (Minist\u00e9rio P\u00fablico Federal) e da Pol\u00edcia Federal. Ele considerou haver &#8220;relevante valor hist\u00f3rico&#8221; na l\u00e2mina de 30 cm manuseada por Ad\u00e9lio na tentativa de assassinato, que completou um ano na sexta-feira (6).<\/p>\n\n\n\n<p>Para o magistrado, a pe\u00e7a representa a viol\u00eancia sofrida pelo presidente e, &#8220;sobretudo, simboliza, a partir de uma \u00f3tica mais ampla, a agress\u00e3o cometida contra o pr\u00f3prio regime representativo e democr\u00e1tico de direito&#8221;.<\/p>\n\n\n\n<p>Savino afirmou haver &#8220;interesse de sua conserva\u00e7\u00e3o em prol da hist\u00f3ria pol\u00edtica recente do pa\u00eds&#8221;.<\/p>\n\n\n\n<p>A pe\u00e7a -que hoje est\u00e1 sob a guarda da Justi\u00e7a Federal, j\u00e1 que foi usada como prova no processo que concluiu ser Ad\u00e9lio o culpado pelo crime- ser\u00e1 levada para o Museu Criminal da Pol\u00edcia Federal, com sede em Bras\u00edlia.<\/p>\n\n\n\n<p>A vontade de incorporar a faca ao acervo foi expressa ao juiz pela diretoria da Academia Nacional de Pol\u00edcia, o n\u00facleo de forma\u00e7\u00e3o da PF. A justificativa foi a de que a arma branca foi periciada pela corpora\u00e7\u00e3o, respons\u00e1vel pela investiga\u00e7\u00e3o do atentado.<\/p>\n\n\n\n<p>Al\u00e9m da faca, ser\u00e3o repassadas \u00e0 PF as hastes parecidas com cotonetes (descritas na decis\u00e3o como suabes) que foram usadas nas per\u00edcias e guardam amostras de DNA de Bolsonaro e de Ad\u00e9lio.<\/p>\n\n\n\n<p>O material ser\u00e1 entregue ao delegado respons\u00e1vel pelo caso, Rodrigo Morais, que dever\u00e1 fazer o encaminhamento ao museu. Ele disse \u00e0 reportagem que tomar\u00e1 as provid\u00eancias assim que for notificado oficialmente.<\/p>\n\n\n\n<p>Como consequ\u00eancia da facada em seu abd\u00f4men, Bolsonaro foi submetido no domingo (8) \u00e0 quarta cirurgia em 12 meses. Desta vez, os m\u00e9dicos tiveram que corrigir uma h\u00e9rnia surgida na regi\u00e3o onde foram feitas as incis\u00f5es nas opera\u00e7\u00f5es anteriores.<\/p>\n\n\n\n<p>Segundo boletim m\u00e9dico divulgado nesta ter\u00e7a (10), o presidente apresenta boa recupera\u00e7\u00e3o. Ele est\u00e1 afastado at\u00e9 quinta-feira (12) do cargo, ocupado interinamente pelo vice Hamilton Mour\u00e3o (PRTB).<\/p>\n\n\n\n<p>Ad\u00e9lio Bispo de Oliveira, que est\u00e1 preso desde o crime no pres\u00eddio federal de Campo Grande (MS), foi declarado inimput\u00e1vel (incapaz de responder por seus atos). Por ter insanidade mental, ele recebeu da Justi\u00e7a a chamada absolvi\u00e7\u00e3o impr\u00f3pria, usada para casos em que o r\u00e9u \u00e9 reconhecidamente culpado, mas n\u00e3o pode ser punido.<\/p>\n\n\n\n<p>Como mostrou a Folha de S.Paulo, Ad\u00e9lio est\u00e1 recusando o tratamento psiqui\u00e1trico na pris\u00e3o e mant\u00e9m obsess\u00e3o por matar Bolsonaro e tamb\u00e9m o ex-presidente Michel Temer (MDB).<\/p>\n\n\n\n<p>Na mesma decis\u00e3o em que despachou sobre o destino da faca, o juiz Bruno Savino determinou a renova\u00e7\u00e3o por mais um ano da perman\u00eancia do autor no pres\u00eddio de Campo Grande.<\/p>\n\n\n\n<p>O magistrado reiterou que existe &#8220;elevada periculosidade do preso e do concreto risco \u00e0 sua vida&#8221;. Al\u00e9m de ser uma medida de seguran\u00e7a para Ad\u00e9lio e para seus potenciais alvos, a pris\u00e3o dele no estabelecimento tem como objetivo assegurar condi\u00e7\u00f5es para o tratamento psiqui\u00e1trico.<\/p>\n\n\n\n<p>A pris\u00e3o de Ad\u00e9lio, tecnicamente chamada de medida de seguran\u00e7a de interna\u00e7\u00e3o, \u00e9 por tempo indeterminado. A renova\u00e7\u00e3o anual \u00e9 uma exig\u00eancia do sistema federal de pres\u00eddios de seguran\u00e7a m\u00e1xima.<\/p>\n\n\n\n<p>Nos \u00faltimos meses, o autor da facada insistiu, em cartas enviadas \u00e0 fam\u00edlia e ao juiz do caso, em sua transfer\u00eancia de Campo Grande. Savino negou a reivindica\u00e7\u00e3o do preso.<br>Ad\u00e9lio, que recebeu dos psiquiatras que o avaliaram o diagn\u00f3stico de transtorno delirante persistente, usou como justificativa para o pedido o fato de que sofre &#8220;investidas sat\u00e2nicas&#8221; na penitenci\u00e1ria onde est\u00e1.<\/p>\n\n\n\n<p>&#8220;Este pres\u00eddio aqui \u00e9 um lugar de maldi\u00e7\u00f5es, um pres\u00eddio projetado pela ma\u00e7onaria onde o satanismo ma\u00e7om aqui \u00e9 terr\u00edvel&#8221;, escreveu ele aos familiares que vivem em Montes Claros, no norte de Minas.<\/p>\n\n\n\n<p>Na semana passada, o Minist\u00e9rio P\u00fablico Federal autorizou a PF a prorrogar em 90 dias o prazo para concluir o inqu\u00e9rito que apura se houve mentores, mandantes, c\u00famplices, financiadores ou colaboradores na tentativa de assassinato do ent\u00e3o presidenci\u00e1vel.<\/p>\n\n\n\n<p>A \u00faltima quest\u00e3o a ser elucidada \u00e9 quem teria contratado os advogados de Ad\u00e9lio. At\u00e9 agora, a PF n\u00e3o conseguiu identificar a participa\u00e7\u00e3o de ningu\u00e9m mais no planejamento e na execu\u00e7\u00e3o do ataque.<\/p>\n\n\n\n<p>As suspeitas e boatos sobre o epis\u00f3dio alimentam at\u00e9 hoje uma s\u00e9rie de conspira\u00e7\u00f5es e fake news.<\/p>\n","protected":false},"excerpt":{"rendered":"<p>&nbsp;O instrumento usado na pr\u00e1tica de um ato hist\u00f3rico ir\u00e1 para o lugar onde costumam ser guardados objetos com essa carga. Nesta ter\u00e7a-feira (10), a&hellip; <\/p>\n","protected":false},"author":1,"featured_media":111985,"comment_status":"closed","ping_status":"closed","sticky":false,"template":"","format":"standard","meta":{"sfsi_plus_gutenberg_text_before_share":"","sfsi_plus_gutenberg_show_text_before_share":"","sfsi_plus_gutenberg_icon_type":"","sfsi_plus_gutenberg_icon_alignemt":"","sfsi_plus_gutenburg_max_per_row":"","footnotes":""},"categories":[2],"tags":[],"class_list":["post-115394","post","type-post","status-publish","format-standard","has-post-thumbnail","hentry","category-geral"],"_links":{"self":[{"href":"https:\/\/www.caririemacao.com\/1\/wp-json\/wp\/v2\/posts\/115394","targetHints":{"allow":["GET"]}}],"collection":[{"href":"https:\/\/www.caririemacao.com\/1\/wp-json\/wp\/v2\/posts"}],"about":[{"href":"https:\/\/www.caririemacao.com\/1\/wp-json\/wp\/v2\/types\/post"}],"author":[{"embeddable":true,"href":"https:\/\/www.caririemacao.com\/1\/wp-json\/wp\/v2\/users\/1"}],"replies":[{"embeddable":true,"href":"https:\/\/www.caririemacao.com\/1\/wp-json\/wp\/v2\/comments?post=115394"}],"version-history":[{"count":1,"href":"https:\/\/www.caririemacao.com\/1\/wp-json\/wp\/v2\/posts\/115394\/revisions"}],"predecessor-version":[{"id":115396,"href":"https:\/\/www.caririemacao.com\/1\/wp-json\/wp\/v2\/posts\/115394\/revisions\/115396"}],"wp:featuredmedia":[{"embeddable":true,"href":"https:\/\/www.caririemacao.com\/1\/wp-json\/wp\/v2\/media\/111985"}],"wp:attachment":[{"href":"https:\/\/www.caririemacao.com\/1\/wp-json\/wp\/v2\/media?parent=115394"}],"wp:term":[{"taxonomy":"category","embeddable":true,"href":"https:\/\/www.caririemacao.com\/1\/wp-json\/wp\/v2\/categories?post=115394"},{"taxonomy":"post_tag","embeddable":true,"href":"https:\/\/www.caririemacao.com\/1\/wp-json\/wp\/v2\/tags?post=115394"}],"curies":[{"name":"wp","href":"https:\/\/api.w.org\/{rel}","templated":true}]}}