{"id":115411,"date":"2019-09-11T13:03:26","date_gmt":"2019-09-11T16:03:26","guid":{"rendered":"http:\/\/www.caririemacao.com\/1\/?p=115411"},"modified":"2019-09-11T13:03:26","modified_gmt":"2019-09-11T16:03:26","slug":"comeca-hoje-o-treinamento-dos-certificadores-do-enem","status":"publish","type":"post","link":"https:\/\/www.caririemacao.com\/1\/2019\/09\/11\/comeca-hoje-o-treinamento-dos-certificadores-do-enem\/","title":{"rendered":"Come\u00e7a hoje o treinamento dos certificadores do Enem"},"content":{"rendered":"\n<p>O Instituto Nacional de Estudos e Pesquisas Educacionais An\u00edsio Teixeira (Inep) come\u00e7a hoje (11) a capacitar 60 mil candidatos a certificadores do Exame Nacional do Ensino M\u00e9dio (Enem). Somente ser\u00e3o aprovados e poder\u00e3o atuar no exame aqueles que tiverem pelo menos 70% de aproveitamento no treinamento.<\/p>\n\n\n\n<p>Os certificadores ser\u00e3o respons\u00e1veis por verificar os procedimentos de aplica\u00e7\u00e3o do Enem, como a chegada e a abertura dos malotes com provas e a distribui\u00e7\u00e3o do exame para os candidatos. Todo o trabalho \u00e9 feito por meio de um aplicativo. Pela ferramenta, s\u00e3o enviados, por exemplo, relat\u00f3rios e alertas.<\/p>\n\n\n\n<p>O curso de capacita\u00e7\u00e3o, que tem a dura\u00e7\u00e3o de 30 horas, \u00e9 feito pela internet, por plataforma desenvolvida em parceria com o Centro de Pol\u00edticas P\u00fablicas e Avalia\u00e7\u00e3o da Educa\u00e7\u00e3o da Universidade Federal de Juiz de Fora.<\/p>\n\n\n\n<p>A turma-piloto \u00e9 composta por mil profissionais. Ainda no m\u00eas de setembro, outras duas turmas tamb\u00e9m ser\u00e3o capacitadas, uma com 29 mil e outra com 30 mil pessoas. As capacita\u00e7\u00f5es estar\u00e3o conclu\u00eddas at\u00e9 o in\u00edcio de outubro.<\/p>\n\n\n\n<p>Puderam se candidatar para exercer o papel de certificadores servidores p\u00fablicos federais e professores das redes p\u00fablicas de ensino estaduais e municipais. Aqueles que forem aprovados, receber\u00e3o de R$ 342, sendo R$ 28,50 por hora de trabalho.<\/p>\n\n\n\n<p>O Enem 2019 ser\u00e1 realizado nos dias 3 e 10 de novembro, em 1.727 munic\u00edpios brasileiros. Mais de 5 milh\u00f5es de pessoas far\u00e3o o exame, em 14 mil locais de aplica\u00e7\u00e3o de provas.<\/p>\n\n\n\n<p>Quem j\u00e1 concluiu o ensino m\u00e9dio ou vai concluir este ano pode usar as notas do Enem para se inscrever no Sistema de Sele\u00e7\u00e3o Unificada (Sisu), que oferece vagas em institui\u00e7\u00f5es p\u00fablicas de ensino superior. Os estudantes podem ainda concorrer a bolsas de estudo pelo Programa Universidade para Todos (ProUni) e ser beneficiados pelo Fundo de Financiamento Estudantil (Fies).<\/p>\n","protected":false},"excerpt":{"rendered":"<p>O Instituto Nacional de Estudos e Pesquisas Educacionais An\u00edsio Teixeira (Inep) come\u00e7a hoje (11) a capacitar 60 mil candidatos a certificadores do Exame Nacional do&hellip; <\/p>\n","protected":false},"author":1,"featured_media":106034,"comment_status":"closed","ping_status":"closed","sticky":false,"template":"","format":"standard","meta":{"sfsi_plus_gutenberg_text_before_share":"","sfsi_plus_gutenberg_show_text_before_share":"","sfsi_plus_gutenberg_icon_type":"","sfsi_plus_gutenberg_icon_alignemt":"","sfsi_plus_gutenburg_max_per_row":"","footnotes":""},"categories":[14],"tags":[],"class_list":["post-115411","post","type-post","status-publish","format-standard","has-post-thumbnail","hentry","category-educacao"],"_links":{"self":[{"href":"https:\/\/www.caririemacao.com\/1\/wp-json\/wp\/v2\/posts\/115411","targetHints":{"allow":["GET"]}}],"collection":[{"href":"https:\/\/www.caririemacao.com\/1\/wp-json\/wp\/v2\/posts"}],"about":[{"href":"https:\/\/www.caririemacao.com\/1\/wp-json\/wp\/v2\/types\/post"}],"author":[{"embeddable":true,"href":"https:\/\/www.caririemacao.com\/1\/wp-json\/wp\/v2\/users\/1"}],"replies":[{"embeddable":true,"href":"https:\/\/www.caririemacao.com\/1\/wp-json\/wp\/v2\/comments?post=115411"}],"version-history":[{"count":1,"href":"https:\/\/www.caririemacao.com\/1\/wp-json\/wp\/v2\/posts\/115411\/revisions"}],"predecessor-version":[{"id":115412,"href":"https:\/\/www.caririemacao.com\/1\/wp-json\/wp\/v2\/posts\/115411\/revisions\/115412"}],"wp:featuredmedia":[{"embeddable":true,"href":"https:\/\/www.caririemacao.com\/1\/wp-json\/wp\/v2\/media\/106034"}],"wp:attachment":[{"href":"https:\/\/www.caririemacao.com\/1\/wp-json\/wp\/v2\/media?parent=115411"}],"wp:term":[{"taxonomy":"category","embeddable":true,"href":"https:\/\/www.caririemacao.com\/1\/wp-json\/wp\/v2\/categories?post=115411"},{"taxonomy":"post_tag","embeddable":true,"href":"https:\/\/www.caririemacao.com\/1\/wp-json\/wp\/v2\/tags?post=115411"}],"curies":[{"name":"wp","href":"https:\/\/api.w.org\/{rel}","templated":true}]}}