{"id":115420,"date":"2019-09-11T13:08:45","date_gmt":"2019-09-11T16:08:45","guid":{"rendered":"http:\/\/www.caririemacao.com\/1\/?p=115420"},"modified":"2019-09-11T13:08:45","modified_gmt":"2019-09-11T16:08:45","slug":"hoje-detran-pb-anuncia-parcelamento-de-debitos-de-veiculos","status":"publish","type":"post","link":"https:\/\/www.caririemacao.com\/1\/2019\/09\/11\/hoje-detran-pb-anuncia-parcelamento-de-debitos-de-veiculos\/","title":{"rendered":"HOJE: Detran-PB anuncia parcelamento de d\u00e9bitos de ve\u00edculos"},"content":{"rendered":"\n<div class=\"wp-block-image\"><figure class=\"aligncenter\"><a href=\"http:\/\/noticiasemdestaque.com\/cd\/wp-content\/uploads\/2017\/09\/ipva-carro.jpg\"><img decoding=\"async\" data-src=\"http:\/\/noticiasemdestaque.com\/cd\/wp-content\/uploads\/2017\/09\/ipva-carro.jpg\" alt=\"\" class=\"wp-image-4729 lazyload\" src=\"data:image\/svg+xml;base64,PHN2ZyB3aWR0aD0iMSIgaGVpZ2h0PSIxIiB4bWxucz0iaHR0cDovL3d3dy53My5vcmcvMjAwMC9zdmciPjwvc3ZnPg==\" \/><\/a><\/figure><\/div>\n\n\n\n<p>A partir desta quarta-feira (11), os usu\u00e1rios do Departamento Estadual de Tr\u00e2nsito (Detran-PB) passar\u00e3o a contar com um novo servi\u00e7o. Trata-se do \u201cParcelamento de d\u00e9bitos de ve\u00edculos\u201d, que poder\u00e1 ser feito por meio de empresas de cart\u00e3o de cr\u00e9dito, credenciadas pelo \u00f3rg\u00e3o de tr\u00e2nsito, com o intuito de facilitar o pagamento de d\u00edvidas dos condutores.<\/p>\n\n\n\n<p>Os d\u00e9bitos poder\u00e3o ser parcelados em at\u00e9 12 vezes, atrav\u00e9s das empresas cadastradas junto ao Detran-PB, facilitando a quita\u00e7\u00e3o por parte dos usu\u00e1rios. Em caso de ve\u00edculo apreendido por falta de pagamento do licenciamento, o parcelamento permitir\u00e1 a quita\u00e7\u00e3o do d\u00e9bito e a sua consequente retirada dos p\u00e1tios do \u00f3rg\u00e3o.<\/p>\n\n\n\n<p>Segundo o superintendente Agamenon Vieira, a medida vai permitir a diminui\u00e7\u00e3o de ve\u00edculos apreendidos nos p\u00e1tios do Detran, beneficiando tanto os usu\u00e1rios quanto o \u00f3rg\u00e3o. J\u00e1 dispon\u00edvel no Portal do Detran-PB (link que direciona para as empresas credenciadas), o novo servi\u00e7o tem o prop\u00f3sito de desburocratizar o pagamento de d\u00e9bitos.<\/p>\n","protected":false},"excerpt":{"rendered":"<p>A partir desta quarta-feira (11), os usu\u00e1rios do Departamento Estadual de Tr\u00e2nsito (Detran-PB) passar\u00e3o a contar com um novo servi\u00e7o. Trata-se do \u201cParcelamento de d\u00e9bitos&hellip; <\/p>\n","protected":false},"author":1,"featured_media":115422,"comment_status":"closed","ping_status":"closed","sticky":false,"template":"","format":"standard","meta":{"sfsi_plus_gutenberg_text_before_share":"","sfsi_plus_gutenberg_show_text_before_share":"","sfsi_plus_gutenberg_icon_type":"","sfsi_plus_gutenberg_icon_alignemt":"","sfsi_plus_gutenburg_max_per_row":"","footnotes":""},"categories":[2],"tags":[],"class_list":["post-115420","post","type-post","status-publish","format-standard","has-post-thumbnail","hentry","category-geral"],"_links":{"self":[{"href":"https:\/\/www.caririemacao.com\/1\/wp-json\/wp\/v2\/posts\/115420","targetHints":{"allow":["GET"]}}],"collection":[{"href":"https:\/\/www.caririemacao.com\/1\/wp-json\/wp\/v2\/posts"}],"about":[{"href":"https:\/\/www.caririemacao.com\/1\/wp-json\/wp\/v2\/types\/post"}],"author":[{"embeddable":true,"href":"https:\/\/www.caririemacao.com\/1\/wp-json\/wp\/v2\/users\/1"}],"replies":[{"embeddable":true,"href":"https:\/\/www.caririemacao.com\/1\/wp-json\/wp\/v2\/comments?post=115420"}],"version-history":[{"count":1,"href":"https:\/\/www.caririemacao.com\/1\/wp-json\/wp\/v2\/posts\/115420\/revisions"}],"predecessor-version":[{"id":115423,"href":"https:\/\/www.caririemacao.com\/1\/wp-json\/wp\/v2\/posts\/115420\/revisions\/115423"}],"wp:featuredmedia":[{"embeddable":true,"href":"https:\/\/www.caririemacao.com\/1\/wp-json\/wp\/v2\/media\/115422"}],"wp:attachment":[{"href":"https:\/\/www.caririemacao.com\/1\/wp-json\/wp\/v2\/media?parent=115420"}],"wp:term":[{"taxonomy":"category","embeddable":true,"href":"https:\/\/www.caririemacao.com\/1\/wp-json\/wp\/v2\/categories?post=115420"},{"taxonomy":"post_tag","embeddable":true,"href":"https:\/\/www.caririemacao.com\/1\/wp-json\/wp\/v2\/tags?post=115420"}],"curies":[{"name":"wp","href":"https:\/\/api.w.org\/{rel}","templated":true}]}}