{"id":115430,"date":"2019-09-11T13:11:26","date_gmt":"2019-09-11T16:11:26","guid":{"rendered":"http:\/\/www.caririemacao.com\/1\/?p=115430"},"modified":"2019-09-11T13:11:26","modified_gmt":"2019-09-11T16:11:26","slug":"em-nota-pt-da-paraiba-esclarece-continuar-na-gestao-joao-azevedo","status":"publish","type":"post","link":"https:\/\/www.caririemacao.com\/1\/2019\/09\/11\/em-nota-pt-da-paraiba-esclarece-continuar-na-gestao-joao-azevedo\/","title":{"rendered":"Em nota, PT da Para\u00edba esclarece continuar na gest\u00e3o Jo\u00e3o Azev\u00eado"},"content":{"rendered":"\n<div class=\"wp-block-image\"><figure class=\"aligncenter\"><a href=\"http:\/\/noticiasemdestaque.com\/cd\/wp-content\/uploads\/2019\/09\/43304147055_8101943c39_o-1920x1280.jpg\"><img decoding=\"async\" data-src=\"http:\/\/noticiasemdestaque.com\/cd\/wp-content\/uploads\/2019\/09\/43304147055_8101943c39_o-1920x1280-1024x683.jpg\" alt=\"\" class=\"wp-image-19608 lazyload\" src=\"data:image\/svg+xml;base64,PHN2ZyB3aWR0aD0iMSIgaGVpZ2h0PSIxIiB4bWxucz0iaHR0cDovL3d3dy53My5vcmcvMjAwMC9zdmciPjwvc3ZnPg==\" style=\"--smush-placeholder-width: 1024px; --smush-placeholder-aspect-ratio: 1024\/683;\" \/><\/a><\/figure><\/div>\n\n\n\n<p>O presidente do diret\u00f3rio estadual do Partido dos Trabalhadores (PT) na Para\u00edba, Jackson Mac\u00eado, emitiu uma nota nesta ter\u00e7a-feira (10) declarando que a legenda continua fazendo parte da gest\u00e3o do governador Jo\u00e3o Azev\u00eado. Em meio \u00e0 crise interna no PSB e a um inevit\u00e1vel racha, o PT da Para\u00edba entende que, \u201ccomo os outros estados do nordeste o governo da Para\u00edba est\u00e1 sintonizado com nossos anseios, lutas e sonhos de dias melhores para nosso povo\u201d.<\/p>\n\n\n\n<p>Jackson ainda destaca em nota que \u201cestivemos juntos na campanha eleitoral passada e continuaremos juntos apostando para que esse governo mantenha-se sintonizado com o campo progressista, democr\u00e1tico e popular do Brasil\u201d.<\/p>\n\n\n\n<p>Al\u00e9m disso, a nota aponta que os \u00faltimos acontecimentos relacionados ao PSB enfraquecem a agenda e fortalecem o \u201cobscurantismo e o fascismo que s\u00f3 cresce na politica do Brasil\u201d. O partido ainda relata que pretende insistir na manuten\u00e7\u00e3o do campo pol\u00edtico na Para\u00edba. \u201cLutaremos at\u00e9 o fim para que PT, PSB, PDT, PCdoB, REDE, etc, estejam juntos no governo e nas lutas sociais e politicas do nosso Estado\u201d, diz a nota.<\/p>\n","protected":false},"excerpt":{"rendered":"<p>O presidente do diret\u00f3rio estadual do Partido dos Trabalhadores (PT) na Para\u00edba, Jackson Mac\u00eado, emitiu uma nota nesta ter\u00e7a-feira (10) declarando que a legenda continua&hellip; <\/p>\n","protected":false},"author":1,"featured_media":115432,"comment_status":"closed","ping_status":"closed","sticky":false,"template":"","format":"standard","meta":{"sfsi_plus_gutenberg_text_before_share":"","sfsi_plus_gutenberg_show_text_before_share":"","sfsi_plus_gutenberg_icon_type":"","sfsi_plus_gutenberg_icon_alignemt":"","sfsi_plus_gutenburg_max_per_row":"","footnotes":""},"categories":[11],"tags":[],"class_list":["post-115430","post","type-post","status-publish","format-standard","has-post-thumbnail","hentry","category-politica"],"_links":{"self":[{"href":"https:\/\/www.caririemacao.com\/1\/wp-json\/wp\/v2\/posts\/115430","targetHints":{"allow":["GET"]}}],"collection":[{"href":"https:\/\/www.caririemacao.com\/1\/wp-json\/wp\/v2\/posts"}],"about":[{"href":"https:\/\/www.caririemacao.com\/1\/wp-json\/wp\/v2\/types\/post"}],"author":[{"embeddable":true,"href":"https:\/\/www.caririemacao.com\/1\/wp-json\/wp\/v2\/users\/1"}],"replies":[{"embeddable":true,"href":"https:\/\/www.caririemacao.com\/1\/wp-json\/wp\/v2\/comments?post=115430"}],"version-history":[{"count":1,"href":"https:\/\/www.caririemacao.com\/1\/wp-json\/wp\/v2\/posts\/115430\/revisions"}],"predecessor-version":[{"id":115433,"href":"https:\/\/www.caririemacao.com\/1\/wp-json\/wp\/v2\/posts\/115430\/revisions\/115433"}],"wp:featuredmedia":[{"embeddable":true,"href":"https:\/\/www.caririemacao.com\/1\/wp-json\/wp\/v2\/media\/115432"}],"wp:attachment":[{"href":"https:\/\/www.caririemacao.com\/1\/wp-json\/wp\/v2\/media?parent=115430"}],"wp:term":[{"taxonomy":"category","embeddable":true,"href":"https:\/\/www.caririemacao.com\/1\/wp-json\/wp\/v2\/categories?post=115430"},{"taxonomy":"post_tag","embeddable":true,"href":"https:\/\/www.caririemacao.com\/1\/wp-json\/wp\/v2\/tags?post=115430"}],"curies":[{"name":"wp","href":"https:\/\/api.w.org\/{rel}","templated":true}]}}