{"id":115449,"date":"2019-09-11T13:16:56","date_gmt":"2019-09-11T16:16:56","guid":{"rendered":"http:\/\/www.caririemacao.com\/1\/?p=115449"},"modified":"2019-09-11T13:16:56","modified_gmt":"2019-09-11T16:16:56","slug":"tratamento-de-schumacher-e-totalmente-experimental-diz-especialista","status":"publish","type":"post","link":"https:\/\/www.caririemacao.com\/1\/2019\/09\/11\/tratamento-de-schumacher-e-totalmente-experimental-diz-especialista\/","title":{"rendered":"Tratamento de Schumacher \u00e9 totalmente experimental\u2019, diz especialista"},"content":{"rendered":"\n<p>&nbsp;O \u201ctratamento secreto\u201d ao qual Michael Schumacher est\u00e1 sendo submetido em Paris (Fran\u00e7a) \u00e9 um mist\u00e9rio at\u00e9 mesmo para quem pesquisa a \u00e1rea de regenera\u00e7\u00e3o celular.<\/p>\n\n\n\n<p>Muito al\u00e9m das poucas informa\u00e7\u00f5es divulgadas \u00e0 imprensa sobre o procedimento, o tratamento em si \u00e9 totalmente experimental, ou seja, ainda n\u00e3o se sabe como e se poderia ajudar na recupera\u00e7\u00e3o do ex-piloto de F\u00f3rmula 1, cujo estado de sa\u00fade \u00e9 mantido sob sigilo desde o grave acidente que o deixou em coma em 29 de dezembro de 2013.<\/p>\n\n\n\n<p>Michael Schumacher foi levado para a capital francesa para realizar um tratamento com c\u00e9lulas-tronco. Segundo o jornal franc\u00eas \u201cLe Parisien\u201d, o tratamento ser\u00e1 aplicado pelo especialista cardiovascular Philippe Menasch\u00e9, pioneiro no uso desse tipo de tratamento para doen\u00e7as card\u00edacas, que n\u00e3o fazem parte do prov\u00e1vel quadro do ex-piloto.<\/p>\n\n\n\n<p>\u201c\u00c9 um tratamento de pesquisa sem evid\u00eancias cl\u00ednicas para tratamento convencional, n\u00e3o d\u00e1 para saber quanto tempo, quantas doses, por exemplo. Se vai dar certo ou n\u00e3o, \u00e9 experimental, totalmente experimental. N\u00e3o se pode saber no que poderia ajudar. \u00c9 um tratamento de pesquisa\u201d, explicou \u00c2ngela Luzo, hematologista e pesquisadora na \u00e1rea de medicina regenerativa da Unicamp (Universidade Estadual de Campinas).<\/p>\n\n\n\n<p>\u00c2ngela ressaltou que, apesar de n\u00e3o ser revelado qual tipo de c\u00e9lula-tronco \u00e9 usado em Schumacher, os poucos detalhes expostos mostram que se trata de c\u00e9lula-tronco mesenquimal, porque s\u00e3o essas que liberam subst\u00e2ncias que induzem a regenera\u00e7\u00e3o.<\/p>\n\n\n\n<p>\u201cEla libera uma subst\u00e2ncia para regenerar neur\u00f4nio, isso consegue se comprovar. Para tentar melhorar o organismo como um todo. Tem artigo falando que esse tipo de c\u00e9lula melhorou o quadro de isquemia cerebral, por exemplo, mas ainda em [pesquisa feita com] animal\u201d, analisou.<\/p>\n\n\n\n<p>O m\u00e9dico que conduz o novo tratamento em Schumacher lidera pesquisas nesse sentido, mas sua especialidade \u00e9 cora\u00e7\u00e3o, com trabalho voltado a pacientes com insufici\u00eancia card\u00edaca. \u201c\u00c9 um m\u00e9dico com uma equipe muito s\u00e9ria. O problema do Schumacher \u00e9 neuronal, n\u00e3o do cora\u00e7\u00e3o, e esse m\u00e9dico \u00e9 especialista em cora\u00e7\u00e3o. Mas tudo \u00e9 muito nebuloso, o caso dele \u00e9 uma tentativa de regenerar o organismo como um todo\u201d.<\/p>\n","protected":false},"excerpt":{"rendered":"<p>&nbsp;O \u201ctratamento secreto\u201d ao qual Michael Schumacher est\u00e1 sendo submetido em Paris (Fran\u00e7a) \u00e9 um mist\u00e9rio at\u00e9 mesmo para quem pesquisa a \u00e1rea de regenera\u00e7\u00e3o&hellip; <\/p>\n","protected":false},"author":1,"featured_media":115451,"comment_status":"closed","ping_status":"closed","sticky":false,"template":"","format":"standard","meta":{"sfsi_plus_gutenberg_text_before_share":"","sfsi_plus_gutenberg_show_text_before_share":"","sfsi_plus_gutenberg_icon_type":"","sfsi_plus_gutenberg_icon_alignemt":"","sfsi_plus_gutenburg_max_per_row":"","footnotes":""},"categories":[2],"tags":[],"class_list":["post-115449","post","type-post","status-publish","format-standard","has-post-thumbnail","hentry","category-geral"],"_links":{"self":[{"href":"https:\/\/www.caririemacao.com\/1\/wp-json\/wp\/v2\/posts\/115449","targetHints":{"allow":["GET"]}}],"collection":[{"href":"https:\/\/www.caririemacao.com\/1\/wp-json\/wp\/v2\/posts"}],"about":[{"href":"https:\/\/www.caririemacao.com\/1\/wp-json\/wp\/v2\/types\/post"}],"author":[{"embeddable":true,"href":"https:\/\/www.caririemacao.com\/1\/wp-json\/wp\/v2\/users\/1"}],"replies":[{"embeddable":true,"href":"https:\/\/www.caririemacao.com\/1\/wp-json\/wp\/v2\/comments?post=115449"}],"version-history":[{"count":1,"href":"https:\/\/www.caririemacao.com\/1\/wp-json\/wp\/v2\/posts\/115449\/revisions"}],"predecessor-version":[{"id":115452,"href":"https:\/\/www.caririemacao.com\/1\/wp-json\/wp\/v2\/posts\/115449\/revisions\/115452"}],"wp:featuredmedia":[{"embeddable":true,"href":"https:\/\/www.caririemacao.com\/1\/wp-json\/wp\/v2\/media\/115451"}],"wp:attachment":[{"href":"https:\/\/www.caririemacao.com\/1\/wp-json\/wp\/v2\/media?parent=115449"}],"wp:term":[{"taxonomy":"category","embeddable":true,"href":"https:\/\/www.caririemacao.com\/1\/wp-json\/wp\/v2\/categories?post=115449"},{"taxonomy":"post_tag","embeddable":true,"href":"https:\/\/www.caririemacao.com\/1\/wp-json\/wp\/v2\/tags?post=115449"}],"curies":[{"name":"wp","href":"https:\/\/api.w.org\/{rel}","templated":true}]}}