{"id":115457,"date":"2019-09-11T14:59:46","date_gmt":"2019-09-11T17:59:46","guid":{"rendered":"http:\/\/www.caririemacao.com\/1\/?p=115457"},"modified":"2019-09-11T14:59:46","modified_gmt":"2019-09-11T17:59:46","slug":"menores-poderao-viajar-desacompanhados-sem-autorizacao-da-justica","status":"publish","type":"post","link":"https:\/\/www.caririemacao.com\/1\/2019\/09\/11\/menores-poderao-viajar-desacompanhados-sem-autorizacao-da-justica\/","title":{"rendered":"Menores poder\u00e3o viajar desacompanhados sem autoriza\u00e7\u00e3o da Justi\u00e7a"},"content":{"rendered":"\n<p>Crian\u00e7as ou adolescentes n\u00e3o precisam mais de autoriza\u00e7\u00e3o judicial para viajar desacompanhados por todo o territ\u00f3rio nacional.<\/p>\n\n\n\n<p>A decis\u00e3o foi tomada em sess\u00e3o no Conselho Nacional de Justi\u00e7a (CNJ) na ter\u00e7a-feira (10).<\/p>\n\n\n\n<p>A partir da publica\u00e7\u00e3o da decis\u00e3o, que deve ocorrer nos pr\u00f3ximos dias, o site do CNJ vai disponibilizar um modelo de autoriza\u00e7\u00e3o.<\/p>\n\n\n\n<p>O documento deve preenchido pelos pais ou respons\u00e1veis e depois ter a firma reconhecida.<\/p>\n\n\n\n<p>Desde julho, crian\u00e7as menores de 16 anos que moram em S\u00e3o Paulo n\u00e3o precisavam mais pedir \u00e0 Justi\u00e7a autoriza\u00e7\u00e3o.<\/p>\n","protected":false},"excerpt":{"rendered":"<p>Crian\u00e7as ou adolescentes n\u00e3o precisam mais de autoriza\u00e7\u00e3o judicial para viajar desacompanhados por todo o territ\u00f3rio nacional. A decis\u00e3o foi tomada em sess\u00e3o no Conselho&hellip; <\/p>\n","protected":false},"author":1,"featured_media":115460,"comment_status":"closed","ping_status":"closed","sticky":false,"template":"","format":"standard","meta":{"sfsi_plus_gutenberg_text_before_share":"","sfsi_plus_gutenberg_show_text_before_share":"","sfsi_plus_gutenberg_icon_type":"","sfsi_plus_gutenberg_icon_alignemt":"","sfsi_plus_gutenburg_max_per_row":"","footnotes":""},"categories":[2],"tags":[],"class_list":["post-115457","post","type-post","status-publish","format-standard","has-post-thumbnail","hentry","category-geral"],"_links":{"self":[{"href":"https:\/\/www.caririemacao.com\/1\/wp-json\/wp\/v2\/posts\/115457","targetHints":{"allow":["GET"]}}],"collection":[{"href":"https:\/\/www.caririemacao.com\/1\/wp-json\/wp\/v2\/posts"}],"about":[{"href":"https:\/\/www.caririemacao.com\/1\/wp-json\/wp\/v2\/types\/post"}],"author":[{"embeddable":true,"href":"https:\/\/www.caririemacao.com\/1\/wp-json\/wp\/v2\/users\/1"}],"replies":[{"embeddable":true,"href":"https:\/\/www.caririemacao.com\/1\/wp-json\/wp\/v2\/comments?post=115457"}],"version-history":[{"count":1,"href":"https:\/\/www.caririemacao.com\/1\/wp-json\/wp\/v2\/posts\/115457\/revisions"}],"predecessor-version":[{"id":115461,"href":"https:\/\/www.caririemacao.com\/1\/wp-json\/wp\/v2\/posts\/115457\/revisions\/115461"}],"wp:featuredmedia":[{"embeddable":true,"href":"https:\/\/www.caririemacao.com\/1\/wp-json\/wp\/v2\/media\/115460"}],"wp:attachment":[{"href":"https:\/\/www.caririemacao.com\/1\/wp-json\/wp\/v2\/media?parent=115457"}],"wp:term":[{"taxonomy":"category","embeddable":true,"href":"https:\/\/www.caririemacao.com\/1\/wp-json\/wp\/v2\/categories?post=115457"},{"taxonomy":"post_tag","embeddable":true,"href":"https:\/\/www.caririemacao.com\/1\/wp-json\/wp\/v2\/tags?post=115457"}],"curies":[{"name":"wp","href":"https:\/\/api.w.org\/{rel}","templated":true}]}}