{"id":115468,"date":"2019-09-11T15:02:08","date_gmt":"2019-09-11T18:02:08","guid":{"rendered":"http:\/\/www.caririemacao.com\/1\/?p=115468"},"modified":"2019-09-11T15:02:08","modified_gmt":"2019-09-11T18:02:08","slug":"quem-esta-fora-do-ensino-superior-tem-ate-hoje-para-concorrer-ao-fies","status":"publish","type":"post","link":"https:\/\/www.caririemacao.com\/1\/2019\/09\/11\/quem-esta-fora-do-ensino-superior-tem-ate-hoje-para-concorrer-ao-fies\/","title":{"rendered":"Quem est\u00e1 fora do ensino superior tem at\u00e9 hoje para concorrer ao Fies"},"content":{"rendered":"\n<p>Termina nesta quarta-feira (11) o prazo para que estudantes que ainda n\u00e3o est\u00e3o matriculados no ensino superior concorram a uma das vagas que n\u00e3o foram preenchidas no processo seletivo regular do Fundo de Financiamento Estudantil (Fies).<\/p>\n\n\n\n<p>As inscri\u00e7\u00f5es s\u00e3o gratuitas e devem ser realizadas no&nbsp;<a href=\"http:\/\/fies.mec.gov.br\/\"><em>site&nbsp;<\/em>do programa<\/a>.&nbsp;<\/p>\n\n\n\n<figure class=\"wp-block-image\"><img decoding=\"async\" data-src=\"http:\/\/imagens.ebc.com.br\/FHzRNrlJ0zehK2udNlP62CCaWQ8=\/754x0\/smart\/http:\/\/agenciabrasil.ebc.com.br\/sites\/default\/files\/thumbnails\/image\/novo_fies_03.09.2019.jpg?itok=L2VQbGUA\" alt=\"Inscri\u00e7\u00e3o,  Fies, educa\u00e7\u00e3o \" src=\"data:image\/svg+xml;base64,PHN2ZyB3aWR0aD0iMSIgaGVpZ2h0PSIxIiB4bWxucz0iaHR0cDovL3d3dy53My5vcmcvMjAwMC9zdmciPjwvc3ZnPg==\" class=\"lazyload\" \/><\/figure>\n\n\n\n<p>Inscri\u00e7\u00f5es podem ser feitas na p\u00e1gina do Fies na internet &#8211;&nbsp;<strong>Marcello Casal Jr\/ Arquivo\/Ag\u00eancia Brasil<\/strong><\/p>\n\n\n\n<p>Para se inescrever, \u00e9 preciso ter participado do Exame Nacinal do Ensino M\u00e9dio (Enem), em qualquer edi\u00e7\u00e3o a partir de 2010. \u00c9 preciso ter obtido nota igual ou superior a 450 pontos no exame e n\u00e3o ter tirado zero na reda\u00e7\u00e3o. Al\u00e9m disso, os candidatos precisam ter renda mensal bruta familiar de at\u00e9 tr\u00eas sal\u00e1rios m\u00ednimos.<br><br>As vagas ser\u00e3o ocupadas conforme a ordem de conclus\u00e3o das inscri\u00e7\u00f5es, que garantem ao candidato apenas a expectativa de direito \u00e0 vaga remanescente para a qual se inscreveu. O candidato s\u00f3 ter\u00e1 a certeza de que conseguiu a vaga depois que validar as informa\u00e7\u00f5es na institui\u00e7\u00e3o de ensino em at\u00e9 dois dias \u00fateis ap\u00f3s a inscri\u00e7\u00e3o.<br><br>Aqueles que n\u00e3o quitaram o financiamento anterior pelo Fies ou pelo Programa de Cr\u00e9dito Educativo n\u00e3o podem se inscrever, assim como os que t\u00eam atualmente financiamento do Fies.<br><br>Os candidatos j\u00e1 matriculados em institui\u00e7\u00f5es de ensino t\u00eam prazo maior para se inscrever, at\u00e9 29 de novembro.<\/p>\n","protected":false},"excerpt":{"rendered":"<p>Termina nesta quarta-feira (11) o prazo para que estudantes que ainda n\u00e3o est\u00e3o matriculados no ensino superior concorram a uma das vagas que n\u00e3o foram&hellip; <\/p>\n","protected":false},"author":1,"featured_media":113811,"comment_status":"closed","ping_status":"closed","sticky":false,"template":"","format":"standard","meta":{"sfsi_plus_gutenberg_text_before_share":"","sfsi_plus_gutenberg_show_text_before_share":"","sfsi_plus_gutenberg_icon_type":"","sfsi_plus_gutenberg_icon_alignemt":"","sfsi_plus_gutenburg_max_per_row":"","footnotes":""},"categories":[14],"tags":[],"class_list":["post-115468","post","type-post","status-publish","format-standard","has-post-thumbnail","hentry","category-educacao"],"_links":{"self":[{"href":"https:\/\/www.caririemacao.com\/1\/wp-json\/wp\/v2\/posts\/115468","targetHints":{"allow":["GET"]}}],"collection":[{"href":"https:\/\/www.caririemacao.com\/1\/wp-json\/wp\/v2\/posts"}],"about":[{"href":"https:\/\/www.caririemacao.com\/1\/wp-json\/wp\/v2\/types\/post"}],"author":[{"embeddable":true,"href":"https:\/\/www.caririemacao.com\/1\/wp-json\/wp\/v2\/users\/1"}],"replies":[{"embeddable":true,"href":"https:\/\/www.caririemacao.com\/1\/wp-json\/wp\/v2\/comments?post=115468"}],"version-history":[{"count":1,"href":"https:\/\/www.caririemacao.com\/1\/wp-json\/wp\/v2\/posts\/115468\/revisions"}],"predecessor-version":[{"id":115470,"href":"https:\/\/www.caririemacao.com\/1\/wp-json\/wp\/v2\/posts\/115468\/revisions\/115470"}],"wp:featuredmedia":[{"embeddable":true,"href":"https:\/\/www.caririemacao.com\/1\/wp-json\/wp\/v2\/media\/113811"}],"wp:attachment":[{"href":"https:\/\/www.caririemacao.com\/1\/wp-json\/wp\/v2\/media?parent=115468"}],"wp:term":[{"taxonomy":"category","embeddable":true,"href":"https:\/\/www.caririemacao.com\/1\/wp-json\/wp\/v2\/categories?post=115468"},{"taxonomy":"post_tag","embeddable":true,"href":"https:\/\/www.caririemacao.com\/1\/wp-json\/wp\/v2\/tags?post=115468"}],"curies":[{"name":"wp","href":"https:\/\/api.w.org\/{rel}","templated":true}]}}