{"id":115486,"date":"2019-09-11T15:07:15","date_gmt":"2019-09-11T18:07:15","guid":{"rendered":"http:\/\/www.caririemacao.com\/1\/?p=115486"},"modified":"2019-09-11T15:07:15","modified_gmt":"2019-09-11T18:07:15","slug":"dia-do-cerrado-o-bioma-tem-5-da-biodiversidade-do-mundo","status":"publish","type":"post","link":"https:\/\/www.caririemacao.com\/1\/2019\/09\/11\/dia-do-cerrado-o-bioma-tem-5-da-biodiversidade-do-mundo\/","title":{"rendered":"Dia do Cerrado: o bioma tem 5% da biodiversidade do mundo"},"content":{"rendered":"\n<p>Esta quarta-feira (11) \u00e9 o Dia do Cerrado, bioma que tem 5% da biodiversidade do planeta, mas que ainda \u00e9 pouco preservado no Brasil.<\/p>\n\n\n\n<p>O cerrado, al\u00e9m de ser o segundo maior bioma da Am\u00e9rica do Sul, ainda \u00e9 riqu\u00edssimo em biodiversidade. Nele, j\u00e1 foram identificadas quase 12 mil esp\u00e9cies de plantas, al\u00e9m de outros milhares de tipos diferentes de peixes, anf\u00edbios, r\u00e9pteis, aves, borboletas e outros animais.<\/p>\n\n\n\n<p>No entanto, segundo o Minist\u00e9rio do Meio Ambiente, pouco mais de 8% do Cerrado \u00e9 legalmente protegido por unidades de conserva\u00e7\u00e3o. A maioria das unidades \u00e9 de uso sustent\u00e1vel.<\/p>\n\n\n\n<p>Ou\u00e7a na&nbsp;<strong>R\u00e1dio Nacional<\/strong>:<\/p>\n\n\n\n<figure><iframe data-src=\"http:\/\/radioagencianacional.ebc.com.br\/sites\/_radioagencianacional2013\/themes\/radioagencianacional2013\/componentes\/componente-player\/embed.html?title=Cerrado,%20um%20bioma%20que%20tem%205%25%20da%20biodiversidade%20do%20mundo&amp;url=http:\/\/radioagencianacional.ebc.com.br\/geral\/audio\/2019-09\/cerrado-um-bioma-que-tem-5-da-biodiversidade-do-mundo&amp;time=02:18&amp;tags-audio=Editoria,%20Tipos%20de%20Conte%C3%BAdo&amp;data-ogg=http:\/\/audios.ebc.com.br\/69\/69ed3cc119dfd5e99b96e3a1f4ca4afc.ogg&amp;data-mp3=http:\/\/audios.ebc.com.br\/69\/69ed3cc119dfd5e99b96e3a1f4ca4afc.mp3&amp;created=11\/09\/2019%20-%2009h19\" width=\"100%\" src=\"data:image\/svg+xml;base64,PHN2ZyB3aWR0aD0iMSIgaGVpZ2h0PSIxIiB4bWxucz0iaHR0cDovL3d3dy53My5vcmcvMjAwMC9zdmciPjwvc3ZnPg==\" class=\"lazyload\" data-load-mode=\"1\"><\/iframe><\/figure>\n\n\n\n<p>O ge\u00f3grafo e professor da Universidade de Bras\u00edlia (UnB), Fernando Luiz Sobrinho, destaca que mesmo nas propriedades do cerrado de uso comercial \u00e9 necess\u00e1rio que uma porcentagem da \u00e1rea seja preservada.<\/p>\n\n\n\n<p>A preserva\u00e7\u00e3o do cerrado ocorre nas terras do agricultor Aldenir Teixeira que faz o cultivo org\u00e2nico de hortali\u00e7as, no Distrito Federal, h\u00e1 tr\u00eas anos. Ele planta a sa\u00fade dos consumidores, melhora o meio ambiente e aumenta o lucro.<\/p>\n\n\n\n<p>Das 12 mil esp\u00e9cies de plantas do cerrado, mais de 400 podem ser usadas na recupera\u00e7\u00e3o de solos degradados. Outras 200 t\u00eam uso medicinal. E as riquezas do bioma n\u00e3o param por a\u00ed. S\u00e3o tipicamente dele, frutos de sabor inusitado e nutrientes a perder de vista como o pequi, buriti, mangaba, cagaita, araticum e bar\u00fa.<\/p>\n\n\n\n<p><strong>Galeria de Fotos<\/strong>:caliandra &#8211; flor do cerradoParque Nacional da Chapada dos Veadeiros &#8211; Alto Para\u00edso de Goi\u00e1s (GO)Marcelo Camargo\/Ag\u00eancia Brasil\u00d7<\/p>\n\n\n\n<figure class=\"wp-block-image\"><img decoding=\"async\" data-src=\"http:\/\/imagens.ebc.com.br\/BCN179UQZRoBAHF7YwL6JxxpvNQ=\/754x0\/smart\/http:\/\/agenciabrasil.ebc.com.br\/sites\/default\/files\/thumbnails\/image\/dsc-45_2.jpg?itok=bAUlGF91\" alt=\"\" src=\"data:image\/svg+xml;base64,PHN2ZyB3aWR0aD0iMSIgaGVpZ2h0PSIxIiB4bWxucz0iaHR0cDovL3d3dy53My5vcmcvMjAwMC9zdmciPjwvc3ZnPg==\" class=\"lazyload\" \/><\/figure>\n\n\n\n<figure class=\"wp-block-image\"><img decoding=\"async\" data-src=\"http:\/\/imagens.ebc.com.br\/gaKPDeGyiMh-vfLc4u-Rwfn6U0c=\/754x0\/smart\/http:\/\/agenciabrasil.ebc.com.br\/sites\/default\/files\/atoms\/image\/1057819-ebc_07.12.2016-2481_07.12.16.jpg?itok=CF-5bcMf\" alt=\"\" src=\"data:image\/svg+xml;base64,PHN2ZyB3aWR0aD0iMSIgaGVpZ2h0PSIxIiB4bWxucz0iaHR0cDovL3d3dy53My5vcmcvMjAwMC9zdmciPjwvc3ZnPg==\" class=\"lazyload\" \/><\/figure>\n\n\n\n<figure class=\"wp-block-image\"><img decoding=\"async\" data-src=\"http:\/\/imagens.ebc.com.br\/A7dDL5Nqts0kWdl7pbSFg9bXwoE=\/754x0\/smart\/http:\/\/agenciabrasil.ebc.com.br\/sites\/default\/files\/atoms\/image\/1057818-ebc_07.12.2016-2451_07.12.16.jpg?itok=w-plLmiS\" alt=\"\" src=\"data:image\/svg+xml;base64,PHN2ZyB3aWR0aD0iMSIgaGVpZ2h0PSIxIiB4bWxucz0iaHR0cDovL3d3dy53My5vcmcvMjAwMC9zdmciPjwvc3ZnPg==\" class=\"lazyload\" \/><\/figure>\n\n\n\n<figure class=\"wp-block-image\"><img decoding=\"async\" data-src=\"http:\/\/imagens.ebc.com.br\/kZm7Es29yTnwECJS9-L-s9_UtVQ=\/754x0\/smart\/http:\/\/agenciabrasil.ebc.com.br\/sites\/default\/files\/atoms\/image\/1057801-ebc_07.12.2016-3296_07.12.16.jpg?itok=jLv6Bb3x\" alt=\"\" src=\"data:image\/svg+xml;base64,PHN2ZyB3aWR0aD0iMSIgaGVpZ2h0PSIxIiB4bWxucz0iaHR0cDovL3d3dy53My5vcmcvMjAwMC9zdmciPjwvc3ZnPg==\" class=\"lazyload\" \/><\/figure>\n\n\n\n<figure class=\"wp-block-image\"><img decoding=\"async\" data-src=\"http:\/\/imagens.ebc.com.br\/N5s0Exnyv7LuYaDLIZ7UQ2NLipQ=\/754x0\/smart\/http:\/\/agenciabrasil.ebc.com.br\/sites\/default\/files\/atoms\/image\/1057794-1%20-%20ebc_07.12.2016-2108.jpg?itok=4ZBTufjO\" alt=\"\" src=\"data:image\/svg+xml;base64,PHN2ZyB3aWR0aD0iMSIgaGVpZ2h0PSIxIiB4bWxucz0iaHR0cDovL3d3dy53My5vcmcvMjAwMC9zdmciPjwvc3ZnPg==\" class=\"lazyload\" \/><\/figure>\n\n\n\n<p>1&nbsp;\/&nbsp;10<\/p>\n\n\n\n<figure class=\"wp-block-image\"><img decoding=\"async\" data-src=\"http:\/\/agenciabrasil.ebc.com.br\/sites\/default\/files\/styles\/thumbnail\/public\/thumbnails\/image\/dsc-45_2.jpg?itok=_iuYC037\" alt=\"\" src=\"data:image\/svg+xml;base64,PHN2ZyB3aWR0aD0iMSIgaGVpZ2h0PSIxIiB4bWxucz0iaHR0cDovL3d3dy53My5vcmcvMjAwMC9zdmciPjwvc3ZnPg==\" class=\"lazyload\" \/><\/figure>\n\n\n\n<figure class=\"wp-block-image\"><img decoding=\"async\" data-src=\"http:\/\/agenciabrasil.ebc.com.br\/sites\/default\/files\/styles\/thumbnail\/public\/atoms\/image\/1057819-ebc_07.12.2016-2481_07.12.16.jpg?itok=uvCLwgzS\" alt=\"\" src=\"data:image\/svg+xml;base64,PHN2ZyB3aWR0aD0iMSIgaGVpZ2h0PSIxIiB4bWxucz0iaHR0cDovL3d3dy53My5vcmcvMjAwMC9zdmciPjwvc3ZnPg==\" class=\"lazyload\" \/><\/figure>\n\n\n\n<figure class=\"wp-block-image\"><img decoding=\"async\" data-src=\"http:\/\/agenciabrasil.ebc.com.br\/sites\/default\/files\/styles\/thumbnail\/public\/atoms\/image\/1057818-ebc_07.12.2016-2451_07.12.16.jpg?itok=n5LzJY-h\" alt=\"\" src=\"data:image\/svg+xml;base64,PHN2ZyB3aWR0aD0iMSIgaGVpZ2h0PSIxIiB4bWxucz0iaHR0cDovL3d3dy53My5vcmcvMjAwMC9zdmciPjwvc3ZnPg==\" class=\"lazyload\" \/><\/figure>\n\n\n\n<figure class=\"wp-block-image\"><img decoding=\"async\" data-src=\"http:\/\/agenciabrasil.ebc.com.br\/sites\/default\/files\/styles\/thumbnail\/public\/atoms\/image\/1057817-ebc_07.12.2016-2515_07.12.16.jpg?itok=xsRSO5a_\" alt=\"\" src=\"data:image\/svg+xml;base64,PHN2ZyB3aWR0aD0iMSIgaGVpZ2h0PSIxIiB4bWxucz0iaHR0cDovL3d3dy53My5vcmcvMjAwMC9zdmciPjwvc3ZnPg==\" class=\"lazyload\" \/><\/figure>\n\n\n\n<figure class=\"wp-block-image\"><img decoding=\"async\" data-src=\"http:\/\/agenciabrasil.ebc.com.br\/sites\/default\/files\/styles\/thumbnail\/public\/atoms\/image\/1057816-ebc_07.12.2016-2507_07.12.16.jpg?itok=QXcwPi-P\" alt=\"\" src=\"data:image\/svg+xml;base64,PHN2ZyB3aWR0aD0iMSIgaGVpZ2h0PSIxIiB4bWxucz0iaHR0cDovL3d3dy53My5vcmcvMjAwMC9zdmciPjwvc3ZnPg==\" class=\"lazyload\" \/><\/figure>\n\n\n\n<figure class=\"wp-block-image\"><img decoding=\"async\" data-src=\"http:\/\/agenciabrasil.ebc.com.br\/sites\/default\/files\/styles\/thumbnail\/public\/atoms\/image\/1057815-ebc_07.12.2016-2560_07.12.16.jpg?itok=qWzDGJnK\" alt=\"\" src=\"data:image\/svg+xml;base64,PHN2ZyB3aWR0aD0iMSIgaGVpZ2h0PSIxIiB4bWxucz0iaHR0cDovL3d3dy53My5vcmcvMjAwMC9zdmciPjwvc3ZnPg==\" class=\"lazyload\" \/><\/figure>\n\n\n\n<figure class=\"wp-block-image\"><img decoding=\"async\" data-src=\"http:\/\/agenciabrasil.ebc.com.br\/sites\/default\/files\/styles\/thumbnail\/public\/atoms\/image\/1057813-ebc_07.12.2016-2596_07.12.16.jpg?itok=orWFSUQq\" alt=\"\" src=\"data:image\/svg+xml;base64,PHN2ZyB3aWR0aD0iMSIgaGVpZ2h0PSIxIiB4bWxucz0iaHR0cDovL3d3dy53My5vcmcvMjAwMC9zdmciPjwvc3ZnPg==\" class=\"lazyload\" \/><\/figure>\n\n\n\n<figure class=\"wp-block-image\"><img decoding=\"async\" data-src=\"http:\/\/agenciabrasil.ebc.com.br\/sites\/default\/files\/styles\/thumbnail\/public\/atoms\/image\/1057812-ebc_07.12.2016-2613_07.12.16.jpg?itok=K3DQLfpm\" alt=\"\" src=\"data:image\/svg+xml;base64,PHN2ZyB3aWR0aD0iMSIgaGVpZ2h0PSIxIiB4bWxucz0iaHR0cDovL3d3dy53My5vcmcvMjAwMC9zdmciPjwvc3ZnPg==\" class=\"lazyload\" \/><\/figure>\n\n\n\n<figure class=\"wp-block-image\"><img decoding=\"async\" data-src=\"http:\/\/agenciabrasil.ebc.com.br\/sites\/default\/files\/styles\/thumbnail\/public\/atoms\/image\/1057801-ebc_07.12.2016-3296_07.12.16.jpg?itok=x0R0O0qe\" alt=\"\" src=\"data:image\/svg+xml;base64,PHN2ZyB3aWR0aD0iMSIgaGVpZ2h0PSIxIiB4bWxucz0iaHR0cDovL3d3dy53My5vcmcvMjAwMC9zdmciPjwvc3ZnPg==\" class=\"lazyload\" \/><\/figure>\n\n\n\n<figure class=\"wp-block-image\"><img decoding=\"async\" data-src=\"http:\/\/agenciabrasil.ebc.com.br\/sites\/default\/files\/styles\/thumbnail\/public\/atoms\/image\/1057794-1%20-%20ebc_07.12.2016-2108.jpg?itok=nnmpDaS3\" alt=\"\" src=\"data:image\/svg+xml;base64,PHN2ZyB3aWR0aD0iMSIgaGVpZ2h0PSIxIiB4bWxucz0iaHR0cDovL3d3dy53My5vcmcvMjAwMC9zdmciPjwvc3ZnPg==\" class=\"lazyload\" \/><\/figure>\n\n\n\n<p>Dia do Cerrado &#8211; Parque Nacional da Chapada dos Veadeiros &#8211; Alto Para\u00edso de Goi\u00e1s (GO)<\/p>\n","protected":false},"excerpt":{"rendered":"<p>Esta quarta-feira (11) \u00e9 o Dia do Cerrado, bioma que tem 5% da biodiversidade do planeta, mas que ainda \u00e9 pouco preservado no Brasil. O&hellip; <\/p>\n","protected":false},"author":1,"featured_media":115488,"comment_status":"closed","ping_status":"closed","sticky":false,"template":"","format":"standard","meta":{"sfsi_plus_gutenberg_text_before_share":"","sfsi_plus_gutenberg_show_text_before_share":"","sfsi_plus_gutenberg_icon_type":"","sfsi_plus_gutenberg_icon_alignemt":"","sfsi_plus_gutenburg_max_per_row":"","footnotes":""},"categories":[2],"tags":[],"class_list":["post-115486","post","type-post","status-publish","format-standard","has-post-thumbnail","hentry","category-geral"],"_links":{"self":[{"href":"https:\/\/www.caririemacao.com\/1\/wp-json\/wp\/v2\/posts\/115486","targetHints":{"allow":["GET"]}}],"collection":[{"href":"https:\/\/www.caririemacao.com\/1\/wp-json\/wp\/v2\/posts"}],"about":[{"href":"https:\/\/www.caririemacao.com\/1\/wp-json\/wp\/v2\/types\/post"}],"author":[{"embeddable":true,"href":"https:\/\/www.caririemacao.com\/1\/wp-json\/wp\/v2\/users\/1"}],"replies":[{"embeddable":true,"href":"https:\/\/www.caririemacao.com\/1\/wp-json\/wp\/v2\/comments?post=115486"}],"version-history":[{"count":1,"href":"https:\/\/www.caririemacao.com\/1\/wp-json\/wp\/v2\/posts\/115486\/revisions"}],"predecessor-version":[{"id":115489,"href":"https:\/\/www.caririemacao.com\/1\/wp-json\/wp\/v2\/posts\/115486\/revisions\/115489"}],"wp:featuredmedia":[{"embeddable":true,"href":"https:\/\/www.caririemacao.com\/1\/wp-json\/wp\/v2\/media\/115488"}],"wp:attachment":[{"href":"https:\/\/www.caririemacao.com\/1\/wp-json\/wp\/v2\/media?parent=115486"}],"wp:term":[{"taxonomy":"category","embeddable":true,"href":"https:\/\/www.caririemacao.com\/1\/wp-json\/wp\/v2\/categories?post=115486"},{"taxonomy":"post_tag","embeddable":true,"href":"https:\/\/www.caririemacao.com\/1\/wp-json\/wp\/v2\/tags?post=115486"}],"curies":[{"name":"wp","href":"https:\/\/api.w.org\/{rel}","templated":true}]}}