{"id":115509,"date":"2019-09-11T15:39:15","date_gmt":"2019-09-11T18:39:15","guid":{"rendered":"http:\/\/www.caririemacao.com\/1\/?p=115509"},"modified":"2019-09-11T15:39:15","modified_gmt":"2019-09-11T18:39:15","slug":"temperatura-pode-chegar-a-34o-c-em-sp-e-umidade-ficar-abaixo-de-30","status":"publish","type":"post","link":"https:\/\/www.caririemacao.com\/1\/2019\/09\/11\/temperatura-pode-chegar-a-34o-c-em-sp-e-umidade-ficar-abaixo-de-30\/","title":{"rendered":"Temperatura pode chegar a 34\u00ba C em SP e umidade ficar abaixo de 30%"},"content":{"rendered":"\n<p>A temperatura na capital paulista pode superar os 34 \u00baC na tarde desta quarta-feira (11) e a umidade relativa do ar deve atingir valores cr\u00edticos, abaixo dos 30%, segundo informa\u00e7\u00f5es do Centro de Gerenciamento de Emerg\u00eancias (CGE) da prefeitura. A alta nos term\u00f4metros surpreende porque o inverno, quando a temperatura \u00e9 mais amena, ainda n\u00e3o acabou.<\/p>\n\n\n\n<p>Os term\u00f4metros das esta\u00e7\u00f5es meteorol\u00f3gicas do CGE registravam 31,1 \u00baC por volta de 11h30 de hoje, enquanto os menores \u00edndices de umidade do ar come\u00e7am a se aproximar dos 30%.<\/p>\n\n\n\n<p>De acordo com a Defesa Civil do estado, a unidade do ar j\u00e1 baixou para 20% nos munic\u00edpios paulistas de Borborema, Americana, Cordeir\u00f3polis, Campinas, Palmital, Altin\u00f3polis, Piracaia, Pindorama, Mirassol, Santa F\u00e9 do Sul, Corumbatai, Mococa, Tamba\u00fa, Patroc\u00ednio Paulista, Nuporanga, C\u00e1ssia dos Coqueiros, Colina, Brodowski, Monte Azul Paulista, Paulo de Faria, Jos\u00e9 Bonif\u00e1cio, Jales, Ituverava, Itapira, Ibitinga, Dracena, Prad\u00f3polis, Presidente Prudente, Valpara\u00edso, Votuporanga, S\u00e3o Jos\u00e9 do Rio Preto, Ribeir\u00e3o Preto, Ariranha, Barra Bonita, Barretos, Barueri, Bebedouro e Casa Grande.<\/p>\n\n\n\n<p>As recomenda\u00e7\u00f5es da Defesa Civil em casos de ondas de calor e pouca umidade do ar incluem evitar realizar exerc\u00edcios f\u00edsicos ao ar livre nos momentos mais quentes do dia (11h \u00e0s 17h); permanecer em locais protegidos do sol; evitar sair ao ar livre sem prote\u00e7\u00e3o solar; usar soro fisiol\u00f3gico nos olhos e narinas e umidificar o ambiente.<\/p>\n\n\n\n<p>O alerta do CGE \u00e9 que o tempo seco e est\u00e1vel dificulta a dispers\u00e3o de poluentes e favorece a forma\u00e7\u00e3o de queimadas, o que prejudica a qualidade do ar nos grandes centros urbanos. No final do dia, ainda segundo o \u00f3rg\u00e3o, a chegada da brisa mar\u00edtima ajuda a melhorar os \u00edndices de umidade, no entanto, n\u00e3o h\u00e1 condi\u00e7\u00f5es para chuva.<\/p>\n\n\n\n<h2 class=\"wp-block-heading\">Pr\u00f3ximos dias<\/h2>\n\n\n\n<p>Segundo previs\u00e3o do CGE, h\u00e1 um bloqueio atmosf\u00e9rico, provocado pela massa de ar seco que predomina sobre o interior do pa\u00eds, que impede que os sistemas frontais cheguem ao litoral paulista com for\u00e7a para provocar chuvas generalizadas. Apesar disso, a propaga\u00e7\u00e3o de uma frente fria fraca pelo oceano deve amenizar um pouco o tempo seco e o calor no final da semana.<\/p>\n\n\n\n<p>Na quinta-feira (12), os term\u00f4metros devem variar entre m\u00ednimas de 18\u00baC e m\u00e1ximas que podem superar os 33\u00baC. No final do dia, uma frente fria de fraca atividade se propaga afastada da costa, provocando mais nebulosidade e rajadas de vento do que chuva na Grande S\u00e3o Paulo.<\/p>\n\n\n\n<p>Na sexta-feira (13), os ventos \u00famidos que passam a soprar do oceano podem causar nebulosidade e chuviscos, principalmente durante a madrugada e \u00e0 noite. O sol pode aparecer entre muitas nuvens e as temperaturas n\u00e3o sobem muito, variando entre m\u00ednimas de 16\u00b0C e m\u00e1ximas de 24\u00b0C.<\/p>\n","protected":false},"excerpt":{"rendered":"<p>A temperatura na capital paulista pode superar os 34 \u00baC na tarde desta quarta-feira (11) e a umidade relativa do ar deve atingir valores cr\u00edticos,&hellip; <\/p>\n","protected":false},"author":1,"featured_media":115511,"comment_status":"closed","ping_status":"closed","sticky":false,"template":"","format":"standard","meta":{"sfsi_plus_gutenberg_text_before_share":"","sfsi_plus_gutenberg_show_text_before_share":"","sfsi_plus_gutenberg_icon_type":"","sfsi_plus_gutenberg_icon_alignemt":"","sfsi_plus_gutenburg_max_per_row":"","footnotes":""},"categories":[2],"tags":[],"class_list":["post-115509","post","type-post","status-publish","format-standard","has-post-thumbnail","hentry","category-geral"],"_links":{"self":[{"href":"https:\/\/www.caririemacao.com\/1\/wp-json\/wp\/v2\/posts\/115509","targetHints":{"allow":["GET"]}}],"collection":[{"href":"https:\/\/www.caririemacao.com\/1\/wp-json\/wp\/v2\/posts"}],"about":[{"href":"https:\/\/www.caririemacao.com\/1\/wp-json\/wp\/v2\/types\/post"}],"author":[{"embeddable":true,"href":"https:\/\/www.caririemacao.com\/1\/wp-json\/wp\/v2\/users\/1"}],"replies":[{"embeddable":true,"href":"https:\/\/www.caririemacao.com\/1\/wp-json\/wp\/v2\/comments?post=115509"}],"version-history":[{"count":1,"href":"https:\/\/www.caririemacao.com\/1\/wp-json\/wp\/v2\/posts\/115509\/revisions"}],"predecessor-version":[{"id":115512,"href":"https:\/\/www.caririemacao.com\/1\/wp-json\/wp\/v2\/posts\/115509\/revisions\/115512"}],"wp:featuredmedia":[{"embeddable":true,"href":"https:\/\/www.caririemacao.com\/1\/wp-json\/wp\/v2\/media\/115511"}],"wp:attachment":[{"href":"https:\/\/www.caririemacao.com\/1\/wp-json\/wp\/v2\/media?parent=115509"}],"wp:term":[{"taxonomy":"category","embeddable":true,"href":"https:\/\/www.caririemacao.com\/1\/wp-json\/wp\/v2\/categories?post=115509"},{"taxonomy":"post_tag","embeddable":true,"href":"https:\/\/www.caririemacao.com\/1\/wp-json\/wp\/v2\/tags?post=115509"}],"curies":[{"name":"wp","href":"https:\/\/api.w.org\/{rel}","templated":true}]}}