{"id":115519,"date":"2019-09-11T15:41:25","date_gmt":"2019-09-11T18:41:25","guid":{"rendered":"http:\/\/www.caririemacao.com\/1\/?p=115519"},"modified":"2019-09-11T15:41:25","modified_gmt":"2019-09-11T18:41:25","slug":"trabalhadores-dos-correios-decretam-greve-nacional","status":"publish","type":"post","link":"https:\/\/www.caririemacao.com\/1\/2019\/09\/11\/trabalhadores-dos-correios-decretam-greve-nacional\/","title":{"rendered":"Trabalhadores dos Correios decretam greve nacional"},"content":{"rendered":"\n<p>Os trabalhadores dos Correios decretaram greve geral, por tempo indeterminado, a partir da noite desta ter\u00e7a-feira (10). Embora ainda esteja avaliando o real impacto da paralisa\u00e7\u00e3o, a empresa afirma que os servi\u00e7os foram parcialmente afetados. J\u00e1 a Federa\u00e7\u00e3o Interestadual dos Sindicatos dos Trabalhadores e Trabalhadoras dos Correios (Findect) garante que o movimento \u00e9 nacional.<\/p>\n\n\n\n<p>\u201cEm todo o pa\u00eds, a categoria se mostrou consciente da gravidade da situa\u00e7\u00e3o e decretou greve por tempo indeterminado\u201d, assegura a Findect, em nota. Segundo a entidade, a paralisa\u00e7\u00e3o foi a forma que os funcion\u00e1rios da estatal encontraram para se opor \u00e0 proposta do governo federal de privatizar os Correios.<\/p>\n\n\n\n<p>Os trabalhadores tamb\u00e9m tentam pressionar a dire\u00e7\u00e3o da empresa a negociar a manuten\u00e7\u00e3o de direitos trabalhistas e dos atuais sal\u00e1rios no futuro Acordo Coletivo de Trabalho (ACT), que est\u00e1 por ser assinado.<\/p>\n\n\n\n<p>No m\u00eas passado, o governo federal incluiu os Correios no Plano Nacional de Desestatiza\u00e7\u00e3o (PND) e inaugurou a fase de estudos para privatizar, total ou parcialmente, a empresa e outras 17 estatais. A abertura de estudos n\u00e3o indica necessariamente que uma empresa ser\u00e1 privatizada, restando, como alternativa para as companhias federais inclu\u00eddas no plano, a assinatura de parcerias com o setor privado. De acordo com Martha Seillier, secret\u00e1ria especial do Programa de Parcerias de Investimentos (PPI), da Casa Civil, o objetivo inicial dos estudos \u00e9 analisar a viabilidade econ\u00f4mica dos ativos federais (empresas, a\u00e7\u00f5es e servi\u00e7os) e o poss\u00edvel impacto de parcerias com a iniciativa privada.<\/p>\n\n\n\n<figure class=\"wp-block-image\"><img decoding=\"async\" data-src=\"http:\/\/imagens.ebc.com.br\/11rc4I6YQnzTcQT_s2bFW4Tg00U=\/754x0\/smart\/http:\/\/agenciabrasil.ebc.com.br\/sites\/default\/files\/atoms\/image\/abr120913mcsp_6296_greve_correios.jpg?itok=2ft_baNb\" alt=\"Greve Correios\" src=\"data:image\/svg+xml;base64,PHN2ZyB3aWR0aD0iMSIgaGVpZ2h0PSIxIiB4bWxucz0iaHR0cDovL3d3dy53My5vcmcvMjAwMC9zdmciPjwvc3ZnPg==\" class=\"lazyload\" \/><\/figure>\n\n\n\n<h6 class=\"wp-block-heading\">Greve por tempo indeterminado foi decretada ontem, durante Assembleia Geral, em S\u00e3o Paulo &#8211;&nbsp;<strong>Marcelo Camargo\/ Ag\u00eancia Brasil<\/strong><br><\/h6>\n\n\n\n<p>Al\u00e9m do receio da privatiza\u00e7\u00e3o, os representantes da categoria temem a redu\u00e7\u00e3o salarial e a perda de benef\u00edcios. \u201cQuerem reduzir radicalmente os sal\u00e1rios e benef\u00edcios para diminuir custos e privatizar os Correios\u201d, afirma a Findect. \u201cPara manter nosso Acordo Coletivo, repor as perdas aos sal\u00e1rios e manter os empregos vamos ter que lutar.\u201d<\/p>\n\n\n\n<p>Tamb\u00e9m em nota, a dire\u00e7\u00e3o dos Correios afirma j\u00e1 ter apresentado aos trabalhadores os n\u00fameros que revelam a \u201creal situa\u00e7\u00e3o econ\u00f4mica da estatal\u201d. De acordo com a dire\u00e7\u00e3o da empresa, os preju\u00edzos operacionais acumulados chegam a R$ 3 bilh\u00f5es.<\/p>\n\n\n\n<p>\u201cOs Correios participaram de dez encontros na mesa de negocia\u00e7\u00e3o com os representantes dos trabalhadores, mas as federa\u00e7\u00f5es expuseram propostas que superam at\u00e9 mesmo o faturamento anual da empresa, algo insustent\u00e1vel para o projeto de reequil\u00edbrio financeiro em curso pela empresa\u201d, assegura a dire\u00e7\u00e3o dos Correios. \u201cNo momento, o principal compromisso da dire\u00e7\u00e3o dos Correios \u00e9 conferir \u00e0 sociedade uma empresa sustent\u00e1vel. Por isso, a estatal conta com os empregados no trabalho de recupera\u00e7\u00e3o financeira da empresa e no atendimento \u00e0 popula\u00e7\u00e3o\u201d, acrescentam os representantes legais da estatal.<\/p>\n\n\n\n<h2 class=\"wp-block-heading\">Acordo coletivo<\/h2>\n\n\n\n<p>O processo de negocia\u00e7\u00e3o do Acordo Coletivo 2019\/2020 est\u00e1 no Tribunal Superior do Trabalho. Na semana passado, ap\u00f3s v\u00e1rias tentativas de compatibilizar os interesses dos empregados e empregadores, o vice-presidente do Tribunal Superior do Trabalho, ministro Renato de Lacerda Paiva, decretou a extin\u00e7\u00e3o do procedimento de media\u00e7\u00e3o e concilia\u00e7\u00e3o pr\u00e9-processual entre a empresa e as entidades que representam os empregados. Segundo a assessoria do tribunal, a dire\u00e7\u00e3o dos Correios foi a \u00fanica a n\u00e3o aceitar a proposta de prorrogar o acordo coletivo de trabalho para que fosse dado prosseguimento \u00e0 negocia\u00e7\u00e3o de novo instrumento coletivo. Ainda segundo a assessoria do tribunal, \u201ca continuidade da media\u00e7\u00e3o evitaria a greve da categoria, marcada para o dia 10\/9\u201d.<\/p>\n\n\n\n<p>Em assembleia realizada ontem \u00e0 noite, em S\u00e3o Paulo, o vice-presidente da Findect, Elias Ces\u00e1rio de Brito J\u00fanior, afirmou que a categoria foi \u201cempurrada\u201d para a greve. \u201cN\u00e3o quer\u00edamos entrar em greve. Quer\u00edamos continuar trabalhando como sempre fizemos, servindo \u00e0 popula\u00e7\u00e3o e defendendo nossos empregos. H\u00e1 mais de tr\u00eas meses que estamos negociando, colocando a pauta de reivindica\u00e7\u00f5es [tirada] em n\u00edvel nacional. Teve que o TST intervir\u201d, discursou J\u00fanior, lembrando que, al\u00e9m de tentar impedir a privatiza\u00e7\u00e3o dos Correios, a categoria reivindica a prorroga\u00e7\u00e3o do acordo coletivo que venceu em 31 de julho; a reposi\u00e7\u00e3o das perdas inflacion\u00e1rias dos \u00faltimos anos e a manuten\u00e7\u00e3o do vale-alimenta\u00e7\u00e3o e do plano de sa\u00fade.<\/p>\n","protected":false},"excerpt":{"rendered":"<p>Os trabalhadores dos Correios decretaram greve geral, por tempo indeterminado, a partir da noite desta ter\u00e7a-feira (10). Embora ainda esteja avaliando o real impacto da&hellip; <\/p>\n","protected":false},"author":1,"featured_media":113741,"comment_status":"closed","ping_status":"closed","sticky":false,"template":"","format":"standard","meta":{"sfsi_plus_gutenberg_text_before_share":"","sfsi_plus_gutenberg_show_text_before_share":"","sfsi_plus_gutenberg_icon_type":"","sfsi_plus_gutenberg_icon_alignemt":"","sfsi_plus_gutenburg_max_per_row":"","footnotes":""},"categories":[2],"tags":[],"class_list":["post-115519","post","type-post","status-publish","format-standard","has-post-thumbnail","hentry","category-geral"],"_links":{"self":[{"href":"https:\/\/www.caririemacao.com\/1\/wp-json\/wp\/v2\/posts\/115519","targetHints":{"allow":["GET"]}}],"collection":[{"href":"https:\/\/www.caririemacao.com\/1\/wp-json\/wp\/v2\/posts"}],"about":[{"href":"https:\/\/www.caririemacao.com\/1\/wp-json\/wp\/v2\/types\/post"}],"author":[{"embeddable":true,"href":"https:\/\/www.caririemacao.com\/1\/wp-json\/wp\/v2\/users\/1"}],"replies":[{"embeddable":true,"href":"https:\/\/www.caririemacao.com\/1\/wp-json\/wp\/v2\/comments?post=115519"}],"version-history":[{"count":1,"href":"https:\/\/www.caririemacao.com\/1\/wp-json\/wp\/v2\/posts\/115519\/revisions"}],"predecessor-version":[{"id":115521,"href":"https:\/\/www.caririemacao.com\/1\/wp-json\/wp\/v2\/posts\/115519\/revisions\/115521"}],"wp:featuredmedia":[{"embeddable":true,"href":"https:\/\/www.caririemacao.com\/1\/wp-json\/wp\/v2\/media\/113741"}],"wp:attachment":[{"href":"https:\/\/www.caririemacao.com\/1\/wp-json\/wp\/v2\/media?parent=115519"}],"wp:term":[{"taxonomy":"category","embeddable":true,"href":"https:\/\/www.caririemacao.com\/1\/wp-json\/wp\/v2\/categories?post=115519"},{"taxonomy":"post_tag","embeddable":true,"href":"https:\/\/www.caririemacao.com\/1\/wp-json\/wp\/v2\/tags?post=115519"}],"curies":[{"name":"wp","href":"https:\/\/api.w.org\/{rel}","templated":true}]}}