{"id":115532,"date":"2019-09-11T18:38:37","date_gmt":"2019-09-11T21:38:37","guid":{"rendered":"http:\/\/www.caririemacao.com\/1\/?p=115532"},"modified":"2019-09-11T18:38:37","modified_gmt":"2019-09-11T21:38:37","slug":"ricardo-coutinho-destaca-relacao-de-confianca-criada-com-prefeitos-e-aliados-do-cariri-estarei-pessoalmente-os-apoiando","status":"publish","type":"post","link":"https:\/\/www.caririemacao.com\/1\/2019\/09\/11\/ricardo-coutinho-destaca-relacao-de-confianca-criada-com-prefeitos-e-aliados-do-cariri-estarei-pessoalmente-os-apoiando\/","title":{"rendered":"Ricardo Coutinho destaca rela\u00e7\u00e3o de confian\u00e7a criada com prefeitos e aliados do Cariri: \u201cEstarei pessoalmente os apoiando\u201d"},"content":{"rendered":"\n<p>O ex-governador da Para\u00edba, Ricardo Coutinho concedeu ao radialista J\u00fanior Queiroz da Serra Branca FM sua primeira entrevista ap\u00f3s toda a celeuma instalada no PSB da Para\u00edba.<\/p>\n\n\n\n<p>Na entrevista Ricardo falou sobre todos os embates internos do partido, criticou a postura de alguns socialistas e tamb\u00e9m afirmou que iniciar um processo de renova\u00e7\u00e3o e reestrutura\u00e7\u00e3o da legenda para as elei\u00e7\u00f5es do pr\u00f3ximo ano.<\/p>\n\n\n\n<p>Falando sobre 2020, Ricardo tranquilizou os prefeitos, vereadores e demais lideran\u00e7as do partido na regi\u00e3o garantindo autonomia para todos fortalecerem a legenda nas suas cidades e disputar a elei\u00e7\u00e3o. O ex-governador revelou ainda que construiu uma rela\u00e7\u00e3o de confian\u00e7a com os prefeitos e aliados do cariri paraibano, regi\u00e3o que segundo ele tem um dos melhores grupos de gestores da Para\u00edba.<\/p>\n\n\n\n<p>Ricardo ainda mandou um recado aos gestores afirmando que estar\u00e1 pessoalmente na campanha de cada um deles para ajudar a levar o projeto a diante.<\/p>\n\n\n\n<p><strong>Para\u00edba Mix<\/strong><\/p>\n","protected":false},"excerpt":{"rendered":"<p>O ex-governador da Para\u00edba, Ricardo Coutinho concedeu ao radialista J\u00fanior Queiroz da Serra Branca FM sua primeira entrevista ap\u00f3s toda a celeuma instalada no PSB&hellip; <\/p>\n","protected":false},"author":1,"featured_media":33979,"comment_status":"closed","ping_status":"closed","sticky":false,"template":"","format":"standard","meta":{"sfsi_plus_gutenberg_text_before_share":"","sfsi_plus_gutenberg_show_text_before_share":"","sfsi_plus_gutenberg_icon_type":"","sfsi_plus_gutenberg_icon_alignemt":"","sfsi_plus_gutenburg_max_per_row":"","footnotes":""},"categories":[2],"tags":[],"class_list":["post-115532","post","type-post","status-publish","format-standard","has-post-thumbnail","hentry","category-geral"],"_links":{"self":[{"href":"https:\/\/www.caririemacao.com\/1\/wp-json\/wp\/v2\/posts\/115532","targetHints":{"allow":["GET"]}}],"collection":[{"href":"https:\/\/www.caririemacao.com\/1\/wp-json\/wp\/v2\/posts"}],"about":[{"href":"https:\/\/www.caririemacao.com\/1\/wp-json\/wp\/v2\/types\/post"}],"author":[{"embeddable":true,"href":"https:\/\/www.caririemacao.com\/1\/wp-json\/wp\/v2\/users\/1"}],"replies":[{"embeddable":true,"href":"https:\/\/www.caririemacao.com\/1\/wp-json\/wp\/v2\/comments?post=115532"}],"version-history":[{"count":1,"href":"https:\/\/www.caririemacao.com\/1\/wp-json\/wp\/v2\/posts\/115532\/revisions"}],"predecessor-version":[{"id":115534,"href":"https:\/\/www.caririemacao.com\/1\/wp-json\/wp\/v2\/posts\/115532\/revisions\/115534"}],"wp:featuredmedia":[{"embeddable":true,"href":"https:\/\/www.caririemacao.com\/1\/wp-json\/wp\/v2\/media\/33979"}],"wp:attachment":[{"href":"https:\/\/www.caririemacao.com\/1\/wp-json\/wp\/v2\/media?parent=115532"}],"wp:term":[{"taxonomy":"category","embeddable":true,"href":"https:\/\/www.caririemacao.com\/1\/wp-json\/wp\/v2\/categories?post=115532"},{"taxonomy":"post_tag","embeddable":true,"href":"https:\/\/www.caririemacao.com\/1\/wp-json\/wp\/v2\/tags?post=115532"}],"curies":[{"name":"wp","href":"https:\/\/api.w.org\/{rel}","templated":true}]}}