{"id":115571,"date":"2019-09-12T06:38:27","date_gmt":"2019-09-12T09:38:27","guid":{"rendered":"http:\/\/www.caririemacao.com\/1\/?p=115571"},"modified":"2019-09-12T06:38:27","modified_gmt":"2019-09-12T09:38:27","slug":"homem-e-preso-suspeito-de-cultivar-maconha-no-quintal-de-casa-em-monteiro","status":"publish","type":"post","link":"https:\/\/www.caririemacao.com\/1\/2019\/09\/12\/homem-e-preso-suspeito-de-cultivar-maconha-no-quintal-de-casa-em-monteiro\/","title":{"rendered":"Homem \u00e9 preso suspeito de cultivar maconha no quintal de casa, em Monteiro"},"content":{"rendered":"\n<p>Um homem de 23 anos foi preso em flagrante, na tarde desta quarta-feira (11), suspeito de cultivar mudas de maconha no quintal da casa onde morava, em Monteiro, no Cariri da Para\u00edba. Quando viu a Pol\u00edcia Militar no local, ele tentou destruir parte da planta\u00e7\u00e3o, mas foi impedido.<\/p>\n\n\n\n<p>A PM apreendeu 11 mudas e p\u00e9s da droga. Deles, uma parte foi arrancada pelo suspeito e outra estava dentro de vasos. Na casa, onde tamb\u00e9m funciona um bar, ainda foram encontradas sementes da droga dentro de uma lata e subst\u00e2ncias semelhantes a coca\u00edna.<\/p>\n\n\n\n<p>O homem foi encaminhado para a Central de Pol\u00edcia de Monteiro, onde est\u00e1 sendo interrogado.<\/p>\n","protected":false},"excerpt":{"rendered":"<p>Um homem de 23 anos foi preso em flagrante, na tarde desta quarta-feira (11), suspeito de cultivar mudas de maconha no quintal da casa onde&hellip; <\/p>\n","protected":false},"author":1,"featured_media":115573,"comment_status":"closed","ping_status":"closed","sticky":false,"template":"","format":"standard","meta":{"sfsi_plus_gutenberg_text_before_share":"","sfsi_plus_gutenberg_show_text_before_share":"","sfsi_plus_gutenberg_icon_type":"","sfsi_plus_gutenberg_icon_alignemt":"","sfsi_plus_gutenburg_max_per_row":"","footnotes":""},"categories":[12],"tags":[],"class_list":["post-115571","post","type-post","status-publish","format-standard","has-post-thumbnail","hentry","category-policia"],"_links":{"self":[{"href":"https:\/\/www.caririemacao.com\/1\/wp-json\/wp\/v2\/posts\/115571","targetHints":{"allow":["GET"]}}],"collection":[{"href":"https:\/\/www.caririemacao.com\/1\/wp-json\/wp\/v2\/posts"}],"about":[{"href":"https:\/\/www.caririemacao.com\/1\/wp-json\/wp\/v2\/types\/post"}],"author":[{"embeddable":true,"href":"https:\/\/www.caririemacao.com\/1\/wp-json\/wp\/v2\/users\/1"}],"replies":[{"embeddable":true,"href":"https:\/\/www.caririemacao.com\/1\/wp-json\/wp\/v2\/comments?post=115571"}],"version-history":[{"count":1,"href":"https:\/\/www.caririemacao.com\/1\/wp-json\/wp\/v2\/posts\/115571\/revisions"}],"predecessor-version":[{"id":115574,"href":"https:\/\/www.caririemacao.com\/1\/wp-json\/wp\/v2\/posts\/115571\/revisions\/115574"}],"wp:featuredmedia":[{"embeddable":true,"href":"https:\/\/www.caririemacao.com\/1\/wp-json\/wp\/v2\/media\/115573"}],"wp:attachment":[{"href":"https:\/\/www.caririemacao.com\/1\/wp-json\/wp\/v2\/media?parent=115571"}],"wp:term":[{"taxonomy":"category","embeddable":true,"href":"https:\/\/www.caririemacao.com\/1\/wp-json\/wp\/v2\/categories?post=115571"},{"taxonomy":"post_tag","embeddable":true,"href":"https:\/\/www.caririemacao.com\/1\/wp-json\/wp\/v2\/tags?post=115571"}],"curies":[{"name":"wp","href":"https:\/\/api.w.org\/{rel}","templated":true}]}}