{"id":115581,"date":"2019-09-12T06:41:36","date_gmt":"2019-09-12T09:41:36","guid":{"rendered":"http:\/\/www.caririemacao.com\/1\/?p=115581"},"modified":"2019-09-12T06:41:36","modified_gmt":"2019-09-12T09:41:36","slug":"projeto-de-lei-obriga-sus-realizar-cirurgia-plastica-reconstrutiva-de-labio-leporino","status":"publish","type":"post","link":"https:\/\/www.caririemacao.com\/1\/2019\/09\/12\/projeto-de-lei-obriga-sus-realizar-cirurgia-plastica-reconstrutiva-de-labio-leporino\/","title":{"rendered":"Projeto de lei obriga SUS realizar cirurgia pl\u00e1stica reconstrutiva de l\u00e1bio leporino"},"content":{"rendered":"\n<p>\u00a0\u00c1 Comiss\u00e3o de Assuntos Econ\u00f4micos (CAE) aprovou nesta ter\u00e7a-feira (10) parecer favor\u00e1vel a um projeto de lei que obriga o Sistema \u00danico de Sa\u00fade (SUS) a realizar cirurgia pl\u00e1stica reconstrutiva de l\u00e1bio leporino ou fenda palatina. O texto segue agora para an\u00e1lise da Comiss\u00e3o de Assuntos Sociais (CAS).<br><\/p>\n\n\n\n<p>O PL 3.526\/2019 estabelece que o SUS, por interm\u00e9dio de sua rede de unidades p\u00fablicas ou conveniadas, \u00e9 obrigado a prestar servi\u00e7o gratuito de cirurgia pl\u00e1stica reconstrutiva e de tratamento p\u00f3s-cir\u00fargico, abrangendo as especialidades de fonoaudiologia, psicologia e ortodontia, bem como de outras interven\u00e7\u00f5es necess\u00e1rias para a recupera\u00e7\u00e3o integral do paciente.<\/p>\n\n\n\n<p>Autor do projeto, o deputado Danrlei de Deus Hinterholz (PSD-RS) alega que s\u00e3o registrados 5,8 mil casos de beb\u00eas com fissuras labiopalatais todos os anos no Brasil e, na pr\u00e1tica, menos da metade dos rec\u00e9m-nascidos s\u00e3o atendidos pelo SUS.<\/p>\n\n\n\n<p>Segundo o relator, senador Otto Alencar (PSD-BA), a falta de atendimento adequado aos rec\u00e9m-nascidos acarreta problemas na alimenta\u00e7\u00e3o e na fala dos indiv\u00edduos, prejudicando seu desenvolvimento f\u00edsico, psicol\u00f3gico e social.<\/p>\n\n\n\n<p>\u201cA consequ\u00eancia econ\u00f4mica disso \u00e9 a subutiliza\u00e7\u00e3o do potencial humano de parcela n\u00e3o desprez\u00edvel da popula\u00e7\u00e3o, com efeitos delet\u00e9rios sobre a gera\u00e7\u00e3o de riqueza e, por extens\u00e3o, sobre a arrecada\u00e7\u00e3o tribut\u00e1ria, afetando a sustentabilidade das contas p\u00fablicas\u201d, argumenta em seu voto.<\/p>\n\n\n\n<p>Custos<\/p>\n\n\n\n<p>Ainda conforme a relatoria, o \u00f4nus do atendimento obrigat\u00f3rio aos pacientes ser\u00e1 repartido entre Uni\u00e3o, estados, Distrito Federal e munic\u00edpios, a quem compete financiar a provis\u00e3o de servi\u00e7os de sa\u00fade pelo SUS. As corre\u00e7\u00f5es desses defeitos cong\u00eanitos se enquadram como servi\u00e7os de sa\u00fade de m\u00e9dia e alta complexidade.<\/p>\n\n\n\n<p>\u201cEspecificamente no caso da Uni\u00e3o, existe dota\u00e7\u00e3o or\u00e7ament\u00e1ria de R$ 49,1 bilh\u00f5es na Lei Or\u00e7ament\u00e1ria Anual de 2019 para cobrir a A\u00e7\u00e3o 8585 (Aten\u00e7\u00e3o \u00e0 Sa\u00fade da Popula\u00e7\u00e3o para Procedimentos em M\u00e9dia e Alta Complexidade). Isso implica que a Uni\u00e3o pode ajustar a aloca\u00e7\u00e3o de recursos na \u00e1rea da sa\u00fade para cumprir as disposi\u00e7\u00f5es do projeto sem a eleva\u00e7\u00e3o global de despesas, de modo a n\u00e3o impactar adversamente o cumprimento do limite de despesas prim\u00e1rias do Poder Executivo federal no \u00e2mbito do Novo Regime Fiscal, institu\u00eddo pela Emenda Constitucional 95, de 2016\u201d, explica o relator.<\/p>\n\n\n\n<p>Otto Alencar disse ainda que a iniciativa \u00e9 correta e que a cirurgia n\u00e3o \u00e9 uma quest\u00e3o de est\u00e9tica, mas corrige um problema que atrapalha muito os pacientes.&nbsp;<\/p>\n\n\n\n<p>\u2014 N\u00e3o \u00e9 uma cirurgia pl\u00e1stica. \u00c0s vezes a pessoa pensa que a fenda palatina \u00e9 s\u00f3 uma cirurgia pl\u00e1stica. N\u00e3o \u00e9. Dificulta a alimenta\u00e7\u00e3o, causa uma s\u00e9rie de problemas para&nbsp; as pessoas que s\u00e3o portadoras. Portanto, \u00e9 uma necessidade do paciente fazer a cirurgia \u2014 disse o senador, que tamb\u00e9m \u00e9 m\u00e9dico.<\/p>\n","protected":false},"excerpt":{"rendered":"<p>\u00a0\u00c1 Comiss\u00e3o de Assuntos Econ\u00f4micos (CAE) aprovou nesta ter\u00e7a-feira (10) parecer favor\u00e1vel a um projeto de lei que obriga o Sistema \u00danico de Sa\u00fade (SUS)&hellip; <\/p>\n","protected":false},"author":1,"featured_media":115584,"comment_status":"closed","ping_status":"closed","sticky":false,"template":"","format":"standard","meta":{"sfsi_plus_gutenberg_text_before_share":"","sfsi_plus_gutenberg_show_text_before_share":"","sfsi_plus_gutenberg_icon_type":"","sfsi_plus_gutenberg_icon_alignemt":"","sfsi_plus_gutenburg_max_per_row":"","footnotes":""},"categories":[16],"tags":[],"class_list":["post-115581","post","type-post","status-publish","format-standard","has-post-thumbnail","hentry","category-saude"],"_links":{"self":[{"href":"https:\/\/www.caririemacao.com\/1\/wp-json\/wp\/v2\/posts\/115581","targetHints":{"allow":["GET"]}}],"collection":[{"href":"https:\/\/www.caririemacao.com\/1\/wp-json\/wp\/v2\/posts"}],"about":[{"href":"https:\/\/www.caririemacao.com\/1\/wp-json\/wp\/v2\/types\/post"}],"author":[{"embeddable":true,"href":"https:\/\/www.caririemacao.com\/1\/wp-json\/wp\/v2\/users\/1"}],"replies":[{"embeddable":true,"href":"https:\/\/www.caririemacao.com\/1\/wp-json\/wp\/v2\/comments?post=115581"}],"version-history":[{"count":1,"href":"https:\/\/www.caririemacao.com\/1\/wp-json\/wp\/v2\/posts\/115581\/revisions"}],"predecessor-version":[{"id":115585,"href":"https:\/\/www.caririemacao.com\/1\/wp-json\/wp\/v2\/posts\/115581\/revisions\/115585"}],"wp:featuredmedia":[{"embeddable":true,"href":"https:\/\/www.caririemacao.com\/1\/wp-json\/wp\/v2\/media\/115584"}],"wp:attachment":[{"href":"https:\/\/www.caririemacao.com\/1\/wp-json\/wp\/v2\/media?parent=115581"}],"wp:term":[{"taxonomy":"category","embeddable":true,"href":"https:\/\/www.caririemacao.com\/1\/wp-json\/wp\/v2\/categories?post=115581"},{"taxonomy":"post_tag","embeddable":true,"href":"https:\/\/www.caririemacao.com\/1\/wp-json\/wp\/v2\/tags?post=115581"}],"curies":[{"name":"wp","href":"https:\/\/api.w.org\/{rel}","templated":true}]}}