{"id":115592,"date":"2019-09-12T06:43:36","date_gmt":"2019-09-12T09:43:36","guid":{"rendered":"http:\/\/www.caririemacao.com\/1\/?p=115592"},"modified":"2019-09-12T06:43:36","modified_gmt":"2019-09-12T09:43:36","slug":"bolsonaro-mandou-guedes-demitir-cintra-diz-mourao","status":"publish","type":"post","link":"https:\/\/www.caririemacao.com\/1\/2019\/09\/12\/bolsonaro-mandou-guedes-demitir-cintra-diz-mourao\/","title":{"rendered":"Bolsonaro mandou Guedes demitir Cintra, diz Mour\u00e3o"},"content":{"rendered":"\n<p>&nbsp;O presidente interino, Hamilton Mour\u00e3o, afirmou nesta quarta-feira (11) que a demiss\u00e3o do secret\u00e1rio da Receita Federal, Marcos Cintra, foi uma decis\u00e3o do presidente Jair Bolsonaro.<\/p>\n\n\n\n<p>Segundo o general da reserva, foi Bolsonaro quem transmitiu a ordem ao ministro da Economia, Paulo Guedes, ap\u00f3s ter se incomodado com o fato da discuss\u00e3o sobre a cria\u00e7\u00e3o de um imposto nos moldes da CPMF ter se tornado p\u00fablica antes de uma decis\u00e3o presidencial.<\/p>\n\n\n\n<p>&#8220;Foi decis\u00e3o do presidente [demiss\u00e3o de Cintra]. [Foi] A quest\u00e3o do imposto de transi\u00e7\u00e3o financeira que o presidente Bolsonaro n\u00e3o tem nenhuma decis\u00e3o a esse respeito e ele acha que a discuss\u00e3o se tornou p\u00fablica demais antes de passar por ele&#8221;, disse.<\/p>\n\n\n\n<p>Nesta quarta-feira (11), Bolsonaro e Guedes se falaram pelo telefone para definir a exonera\u00e7\u00e3o. Antes da liga\u00e7\u00e3o, o ministro almo\u00e7ou com Mour\u00e3o. No encontro, ele demonstrou ang\u00fastia com a situa\u00e7\u00e3o de Cintra.<\/p>\n\n\n\n<p>&#8220;Ele compartilhou essa ang\u00fastia com essa situa\u00e7\u00e3o e disse: &#8216;Vamos aguardar a decis\u00e3o do presidente&#8217;. A\u00ed veio a decis\u00e3o do presidente&#8221;, contou Mour\u00e3o.&nbsp;<\/p>\n\n\n\n<p>&#8220;O ministro Guedes cumpre as orienta\u00e7\u00f5es do presidente&#8221;, acrescentou.<\/p>\n\n\n\n<p>Mour\u00e3o ressaltou que Bolsonaro n\u00e3o gostou da repercuss\u00e3o que uma eventual cria\u00e7\u00e3o do tributo teve nas redes sociais e afirmou que o presidente &#8220;n\u00e3o \u00e9 f\u00e3 desse imposto&#8221;. Em mensagem, Bolsonaro disse que o aumento da carga de impostos n\u00e3o far\u00e1 parte de sua reforma tribut\u00e1ria.<\/p>\n\n\n\n<p>Cintra foi demitido nesta quarta-feira (11) por Guedes ap\u00f3s a equipe da Receita Federal ter anunciado a possibilidade de cria\u00e7\u00e3o do tributo, o que era considerado uma possibilidade por Bolsonaro.<\/p>\n\n\n\n<p>O tema foi criticado no Congresso Nacional e atacado por eleitores do presidente que, lembraram nas redes sociais, que ele havia garantido na campanha eleitoral que n\u00e3o haveria aumento da carga tribut\u00e1ria em sua gest\u00e3o.<\/p>\n\n\n\n<p>Ap\u00f3s a press\u00e3o, Bolsonaro se queixou sobre o assunto com ministros da \u00e1rea pol\u00edtica e avaliou que um afastamento de Cintra, o que j\u00e1 era cogitado pelo presidente desde o m\u00eas passado, seria uma forma de encerrar o assunto.&nbsp;<\/p>\n\n\n\n<p>Nos \u00faltimos 12 meses, Bolsonaro negou diversas vezes os planos de criar um tributo sobre movimenta\u00e7\u00f5es financeiras nos moldes da antiga CPMF. O imposto \u00e9 defendido por Guedes e Cintra desde as elei\u00e7\u00f5es do ano passado.<\/p>\n","protected":false},"excerpt":{"rendered":"<p>&nbsp;O presidente interino, Hamilton Mour\u00e3o, afirmou nesta quarta-feira (11) que a demiss\u00e3o do secret\u00e1rio da Receita Federal, Marcos Cintra, foi uma decis\u00e3o do presidente Jair&hellip; <\/p>\n","protected":false},"author":1,"featured_media":115594,"comment_status":"closed","ping_status":"closed","sticky":false,"template":"","format":"standard","meta":{"sfsi_plus_gutenberg_text_before_share":"","sfsi_plus_gutenberg_show_text_before_share":"","sfsi_plus_gutenberg_icon_type":"","sfsi_plus_gutenberg_icon_alignemt":"","sfsi_plus_gutenburg_max_per_row":"","footnotes":""},"categories":[11],"tags":[],"class_list":["post-115592","post","type-post","status-publish","format-standard","has-post-thumbnail","hentry","category-politica"],"_links":{"self":[{"href":"https:\/\/www.caririemacao.com\/1\/wp-json\/wp\/v2\/posts\/115592","targetHints":{"allow":["GET"]}}],"collection":[{"href":"https:\/\/www.caririemacao.com\/1\/wp-json\/wp\/v2\/posts"}],"about":[{"href":"https:\/\/www.caririemacao.com\/1\/wp-json\/wp\/v2\/types\/post"}],"author":[{"embeddable":true,"href":"https:\/\/www.caririemacao.com\/1\/wp-json\/wp\/v2\/users\/1"}],"replies":[{"embeddable":true,"href":"https:\/\/www.caririemacao.com\/1\/wp-json\/wp\/v2\/comments?post=115592"}],"version-history":[{"count":1,"href":"https:\/\/www.caririemacao.com\/1\/wp-json\/wp\/v2\/posts\/115592\/revisions"}],"predecessor-version":[{"id":115595,"href":"https:\/\/www.caririemacao.com\/1\/wp-json\/wp\/v2\/posts\/115592\/revisions\/115595"}],"wp:featuredmedia":[{"embeddable":true,"href":"https:\/\/www.caririemacao.com\/1\/wp-json\/wp\/v2\/media\/115594"}],"wp:attachment":[{"href":"https:\/\/www.caririemacao.com\/1\/wp-json\/wp\/v2\/media?parent=115592"}],"wp:term":[{"taxonomy":"category","embeddable":true,"href":"https:\/\/www.caririemacao.com\/1\/wp-json\/wp\/v2\/categories?post=115592"},{"taxonomy":"post_tag","embeddable":true,"href":"https:\/\/www.caririemacao.com\/1\/wp-json\/wp\/v2\/tags?post=115592"}],"curies":[{"name":"wp","href":"https:\/\/api.w.org\/{rel}","templated":true}]}}