{"id":115631,"date":"2019-09-12T07:15:56","date_gmt":"2019-09-12T10:15:56","guid":{"rendered":"http:\/\/www.caririemacao.com\/1\/?p=115631"},"modified":"2019-09-12T07:15:56","modified_gmt":"2019-09-12T10:15:56","slug":"trump-diz-que-aumento-de-tarifas-sobre-produtos-chineses-sera-adiado","status":"publish","type":"post","link":"https:\/\/www.caririemacao.com\/1\/2019\/09\/12\/trump-diz-que-aumento-de-tarifas-sobre-produtos-chineses-sera-adiado\/","title":{"rendered":"Trump diz que aumento de tarifas sobre produtos chineses ser\u00e1 adiado"},"content":{"rendered":"\n<p>O presidente norte-americano, Donald Trump, publicou no Twitter que os Estados Unidos (EUA) concordaram em adiar o aumento de tarifas sobre produtos chineses.<\/p>\n\n\n\n<p>Ele disse que o aumento ser\u00e1 adiado do dia 1\u00ba para o dia 15 de outubro. As tarifas sobre US$ 250 bilh\u00f5es em produtos importados da China estavam programadas para passar de 25% para 30%.<\/p>\n\n\n\n<p>Trump afirmou que o adiamento foi solicitado pelo vice-premi\u00ea chin\u00eas, Liu He, uma vez que a Rep\u00fablica Popular da China vai celebrar seu 70\u00ba anivers\u00e1rio.<\/p>\n\n\n\n<h2 class=\"wp-block-heading\">Jap\u00e3o<\/h2>\n\n\n\n<p>Empres\u00e1rios japoneses, em visita anual \u00e0 China, manifestaram ao primeiro-ministro Li Keqiang o desejo de que Pequim resolva a disputa comercial com Washington.<\/p>\n\n\n\n<p>Nessa quarta-feira (11), um grupo de representantes da Associa\u00e7\u00e3o Econ\u00f4mica Jap\u00e3o\u2013China reuniu-se com Li. Presidida por Shoji&nbsp;Muneoka, a entidade tem esperan\u00e7a de que as duas maiores economias do mundo resolvam o conflito.<\/p>\n\n\n\n<p>O premi\u00ea chin\u00eas respondeu que a China conversar\u00e1 com os Estados Unidos para tentar encontrar uma solu\u00e7\u00e3o. Os representantes japoneses e chineses da associa\u00e7\u00e3o falaram sobre o interesse de haver la\u00e7os mais estreitos entre as duas na\u00e7\u00f5es asi\u00e1ticas.<\/p>\n\n\n\n<p>O presidente da entidade empresarial disse que o Jap\u00e3o e a China v\u00e3o atuar juntos em novos campos. &#8220;Esperamos ser capazes de levar adiante a atitude de coopera\u00e7\u00e3o m\u00fatua.\u201d<\/p>\n\n\n\n<p>O grupo de empres\u00e1rios e o primeiro-ministro Li Keqiang tamb\u00e9m destacaram a import\u00e2ncia do livre-com\u00e9rcio para o crescimento da economia global.<\/p>\n","protected":false},"excerpt":{"rendered":"<p>O presidente norte-americano, Donald Trump, publicou no Twitter que os Estados Unidos (EUA) concordaram em adiar o aumento de tarifas sobre produtos chineses. Ele disse&hellip; <\/p>\n","protected":false},"author":1,"featured_media":110547,"comment_status":"closed","ping_status":"closed","sticky":false,"template":"","format":"standard","meta":{"sfsi_plus_gutenberg_text_before_share":"","sfsi_plus_gutenberg_show_text_before_share":"","sfsi_plus_gutenberg_icon_type":"","sfsi_plus_gutenberg_icon_alignemt":"","sfsi_plus_gutenburg_max_per_row":"","footnotes":""},"categories":[2],"tags":[],"class_list":["post-115631","post","type-post","status-publish","format-standard","has-post-thumbnail","hentry","category-geral"],"_links":{"self":[{"href":"https:\/\/www.caririemacao.com\/1\/wp-json\/wp\/v2\/posts\/115631","targetHints":{"allow":["GET"]}}],"collection":[{"href":"https:\/\/www.caririemacao.com\/1\/wp-json\/wp\/v2\/posts"}],"about":[{"href":"https:\/\/www.caririemacao.com\/1\/wp-json\/wp\/v2\/types\/post"}],"author":[{"embeddable":true,"href":"https:\/\/www.caririemacao.com\/1\/wp-json\/wp\/v2\/users\/1"}],"replies":[{"embeddable":true,"href":"https:\/\/www.caririemacao.com\/1\/wp-json\/wp\/v2\/comments?post=115631"}],"version-history":[{"count":1,"href":"https:\/\/www.caririemacao.com\/1\/wp-json\/wp\/v2\/posts\/115631\/revisions"}],"predecessor-version":[{"id":115633,"href":"https:\/\/www.caririemacao.com\/1\/wp-json\/wp\/v2\/posts\/115631\/revisions\/115633"}],"wp:featuredmedia":[{"embeddable":true,"href":"https:\/\/www.caririemacao.com\/1\/wp-json\/wp\/v2\/media\/110547"}],"wp:attachment":[{"href":"https:\/\/www.caririemacao.com\/1\/wp-json\/wp\/v2\/media?parent=115631"}],"wp:term":[{"taxonomy":"category","embeddable":true,"href":"https:\/\/www.caririemacao.com\/1\/wp-json\/wp\/v2\/categories?post=115631"},{"taxonomy":"post_tag","embeddable":true,"href":"https:\/\/www.caririemacao.com\/1\/wp-json\/wp\/v2\/tags?post=115631"}],"curies":[{"name":"wp","href":"https:\/\/api.w.org\/{rel}","templated":true}]}}