{"id":115638,"date":"2019-09-12T07:20:26","date_gmt":"2019-09-12T10:20:26","guid":{"rendered":"http:\/\/www.caririemacao.com\/1\/?p=115638"},"modified":"2019-09-12T07:20:26","modified_gmt":"2019-09-12T10:20:26","slug":"brasilia-recebe-encontro-e-feira-dos-povos-do-cerrado","status":"publish","type":"post","link":"https:\/\/www.caririemacao.com\/1\/2019\/09\/12\/brasilia-recebe-encontro-e-feira-dos-povos-do-cerrado\/","title":{"rendered":"Bras\u00edlia recebe Encontro e Feira dos Povos do Cerrado"},"content":{"rendered":"\n<p>Na semana em que se celebra o Dia Mundial do Cerrado, Bras\u00edlia recebe o 9\u00ba Encontro e Feira dos Povos do Cerrado. Um momento para discutir pol\u00edticas p\u00fablicas e comercializar produtos regionais.<\/p>\n\n\n\n<p>O evento come\u00e7ou na quarta-feira(11) e vai at\u00e9 s\u00e1bado (14) no Complexo Cultural da Funarte. O tema desta edi\u00e7\u00e3o \u00e9 \u201cPelo Cerrado Vivo: diversidades, territ\u00f3rios e democracia\u201d.<\/p>\n\n\n\n<p>No primeiro dia do encontro, foi entregue uma peti\u00e7\u00e3o aos parlamentares da Comiss\u00e3o de Meio Ambiente e Desenvolvimento Sustent\u00e1vel da C\u00e2mara dos Deputados. A iniciativa recolheu mais de meio milh\u00e3o de assinaturas em prol da PEC 504\/2010. A proposta pede que os biomas Cerrado e Caatinga se transformem em Patrim\u00f4nio Nacional. Segundo a Constitui\u00e7\u00e3o Federal, a Amaz\u00f4nia, a Mata Atl\u00e2ntica, a Serra do Mar, o Pantanal e a Zona Costeira s\u00e3o Patrim\u00f4nio Nacional.<\/p>\n\n\n\n<p>\u201cNossa Constitui\u00e7\u00e3o tem uma falha grave em n\u00e3o considerar o Cerrado e a Caatinga como Patrim\u00f4nio Nacional. Todos os biomas s\u00e3o interligados, todos os biomas possuem um papel fundamental para a gera\u00e7\u00e3o de \u00e1gua, a biodiversidade e na provis\u00e3o de servi\u00e7os ecossist\u00eamicos\u201d, diz a coordenadora do programa Cerrado e Caatinga, do Instituto Sociedade, Popula\u00e7\u00e3o e Natureza do Rede Cerrado, Isabel Figueredo.<\/p>\n\n\n\n<p>O 9\u00ba Encontro e Feira dos Povos do Cerrado conta com programa\u00e7\u00e3o cultural, gastron\u00f4mica, al\u00e9m de debates e oficinas.&nbsp;<a href=\"https:\/\/redecerrado.org.br\/encontro-dos-povos-do-cerrado\/ix-encontro-e-feira-dos-povos-do-cerrado\/\" target=\"_blank\" rel=\"noreferrer noopener\">Confira a programa\u00e7\u00e3o completa!<\/a><\/p>\n\n\n\n<p>O evento \u00e9 aberto ao p\u00fablico e gratuito. As oficinas ser\u00e3o realizadas&nbsp;pela manh\u00e3 e tarde. A&nbsp;partir das 17h, o p\u00fablico ter\u00e1 acesso as 25&nbsp;barracas de produtos da agricultura familiar como farinha de baba\u00e7u, bolos de baru e doces de buriti. H\u00e1 ainda, bioj\u00f3ias de capim dourado, artesanato ind\u00edgena e apresenta\u00e7\u00f5es culturais como bumba meu boi, jongo, coco, forr\u00f3, maracatu e cordel.<\/p>\n","protected":false},"excerpt":{"rendered":"<p>Na semana em que se celebra o Dia Mundial do Cerrado, Bras\u00edlia recebe o 9\u00ba Encontro e Feira dos Povos do Cerrado. Um momento para&hellip; <\/p>\n","protected":false},"author":1,"featured_media":63442,"comment_status":"closed","ping_status":"closed","sticky":false,"template":"","format":"standard","meta":{"sfsi_plus_gutenberg_text_before_share":"","sfsi_plus_gutenberg_show_text_before_share":"","sfsi_plus_gutenberg_icon_type":"","sfsi_plus_gutenberg_icon_alignemt":"","sfsi_plus_gutenburg_max_per_row":"","footnotes":""},"categories":[2],"tags":[],"class_list":["post-115638","post","type-post","status-publish","format-standard","has-post-thumbnail","hentry","category-geral"],"_links":{"self":[{"href":"https:\/\/www.caririemacao.com\/1\/wp-json\/wp\/v2\/posts\/115638","targetHints":{"allow":["GET"]}}],"collection":[{"href":"https:\/\/www.caririemacao.com\/1\/wp-json\/wp\/v2\/posts"}],"about":[{"href":"https:\/\/www.caririemacao.com\/1\/wp-json\/wp\/v2\/types\/post"}],"author":[{"embeddable":true,"href":"https:\/\/www.caririemacao.com\/1\/wp-json\/wp\/v2\/users\/1"}],"replies":[{"embeddable":true,"href":"https:\/\/www.caririemacao.com\/1\/wp-json\/wp\/v2\/comments?post=115638"}],"version-history":[{"count":1,"href":"https:\/\/www.caririemacao.com\/1\/wp-json\/wp\/v2\/posts\/115638\/revisions"}],"predecessor-version":[{"id":115640,"href":"https:\/\/www.caririemacao.com\/1\/wp-json\/wp\/v2\/posts\/115638\/revisions\/115640"}],"wp:featuredmedia":[{"embeddable":true,"href":"https:\/\/www.caririemacao.com\/1\/wp-json\/wp\/v2\/media\/63442"}],"wp:attachment":[{"href":"https:\/\/www.caririemacao.com\/1\/wp-json\/wp\/v2\/media?parent=115638"}],"wp:term":[{"taxonomy":"category","embeddable":true,"href":"https:\/\/www.caririemacao.com\/1\/wp-json\/wp\/v2\/categories?post=115638"},{"taxonomy":"post_tag","embeddable":true,"href":"https:\/\/www.caririemacao.com\/1\/wp-json\/wp\/v2\/tags?post=115638"}],"curies":[{"name":"wp","href":"https:\/\/api.w.org\/{rel}","templated":true}]}}