{"id":115657,"date":"2019-09-12T07:27:47","date_gmt":"2019-09-12T10:27:47","guid":{"rendered":"http:\/\/www.caririemacao.com\/1\/?p=115657"},"modified":"2019-09-12T07:27:47","modified_gmt":"2019-09-12T10:27:47","slug":"capes-vai-ofertar-31-mil-novas-bolsas-de-estudo-ate-2020","status":"publish","type":"post","link":"https:\/\/www.caririemacao.com\/1\/2019\/09\/12\/capes-vai-ofertar-31-mil-novas-bolsas-de-estudo-ate-2020\/","title":{"rendered":"Capes vai ofertar 3,1 mil novas bolsas de estudo at\u00e9 2020"},"content":{"rendered":"\n<p><br>A Coordena\u00e7\u00e3o de Aperfei\u00e7oamento de Pessoal de N\u00edvel Superior (Capes) vai ofertar em 2019 e 2020, 3.182 novas bolsas de mestrado, doutorado e p\u00f3s-doutorado. A nova oferta foi negociada com o Minist\u00e9rio da Economia. Ao todo, R$ 600 milh\u00f5es ser\u00e3o destinados \u00e0&nbsp;manuten\u00e7\u00e3o das bolsas vigentes e \u00e0 oferta das novas bolsas.<\/p>\n\n\n\n<p>As novas bolsas fazem parte do montante de 5.613 que n\u00e3o seriam renovadas, conforme&nbsp;<a href=\"http:\/\/agenciabrasil.ebc.com.br\/educacao\/noticia\/2019-09\/capes-anuncia-corte-de-5613-bolsas-de-pos-graduacao-para-este-ano\" target=\"_blank\" rel=\"noreferrer noopener\">an\u00fancio<\/a>&nbsp;feito pelo governo no \u00faltimo dia 2. Com a garantia de mais recursos, a Capes voltou a garantir a oferta de parte delas.<\/p>\n\n\n\n<p>Segundo o ministro da Educa\u00e7\u00e3o, Abraham Weintraub, as novas bolsas ser\u00e3o todas ofertadas em programas com notas 5, 6 e 7 &#8211; em uma escala que vai at\u00e9 7 &#8211; nas avalia\u00e7\u00f5es da Capes. \u201cS\u00e3o dos programas das melhores notas porque esses d\u00e3o maior retorno para a sociedade\u201d, disse o ministro nesta ter\u00e7a-feira&nbsp;(11), em entrevista \u00e0 imprensa.<\/p>\n\n\n\n<p>\u201cComo a gente n\u00e3o tinha a solu\u00e7\u00e3o, a gente segurou. Encontramos a solu\u00e7\u00e3o, estamos soltando 3.182 novas bolsas. As pessoas que j\u00e1 estavam fazendo pesquisa t\u00eam recursos para continuar recebendo at\u00e9 o final da pesquisa deles\u201d, complementou.<\/p>\n\n\n\n<p>Com o incremento de R$ 600 milh\u00f5es, o or\u00e7amento da Capes para 2020, que estava previsto em R$ 2,48 bilh\u00f5es, passa para R$ 3,05 bilh\u00f5es, segundo o Minist\u00e9rio da Educa\u00e7\u00e3o (MEC).<\/p>\n","protected":false},"excerpt":{"rendered":"<p>A Coordena\u00e7\u00e3o de Aperfei\u00e7oamento de Pessoal de N\u00edvel Superior (Capes) vai ofertar em 2019 e 2020, 3.182 novas bolsas de mestrado, doutorado e p\u00f3s-doutorado. A&hellip; <\/p>\n","protected":false},"author":1,"featured_media":115659,"comment_status":"closed","ping_status":"closed","sticky":false,"template":"","format":"standard","meta":{"sfsi_plus_gutenberg_text_before_share":"","sfsi_plus_gutenberg_show_text_before_share":"","sfsi_plus_gutenberg_icon_type":"","sfsi_plus_gutenberg_icon_alignemt":"","sfsi_plus_gutenburg_max_per_row":"","footnotes":""},"categories":[14],"tags":[],"class_list":["post-115657","post","type-post","status-publish","format-standard","has-post-thumbnail","hentry","category-educacao"],"_links":{"self":[{"href":"https:\/\/www.caririemacao.com\/1\/wp-json\/wp\/v2\/posts\/115657","targetHints":{"allow":["GET"]}}],"collection":[{"href":"https:\/\/www.caririemacao.com\/1\/wp-json\/wp\/v2\/posts"}],"about":[{"href":"https:\/\/www.caririemacao.com\/1\/wp-json\/wp\/v2\/types\/post"}],"author":[{"embeddable":true,"href":"https:\/\/www.caririemacao.com\/1\/wp-json\/wp\/v2\/users\/1"}],"replies":[{"embeddable":true,"href":"https:\/\/www.caririemacao.com\/1\/wp-json\/wp\/v2\/comments?post=115657"}],"version-history":[{"count":1,"href":"https:\/\/www.caririemacao.com\/1\/wp-json\/wp\/v2\/posts\/115657\/revisions"}],"predecessor-version":[{"id":115660,"href":"https:\/\/www.caririemacao.com\/1\/wp-json\/wp\/v2\/posts\/115657\/revisions\/115660"}],"wp:featuredmedia":[{"embeddable":true,"href":"https:\/\/www.caririemacao.com\/1\/wp-json\/wp\/v2\/media\/115659"}],"wp:attachment":[{"href":"https:\/\/www.caririemacao.com\/1\/wp-json\/wp\/v2\/media?parent=115657"}],"wp:term":[{"taxonomy":"category","embeddable":true,"href":"https:\/\/www.caririemacao.com\/1\/wp-json\/wp\/v2\/categories?post=115657"},{"taxonomy":"post_tag","embeddable":true,"href":"https:\/\/www.caririemacao.com\/1\/wp-json\/wp\/v2\/tags?post=115657"}],"curies":[{"name":"wp","href":"https:\/\/api.w.org\/{rel}","templated":true}]}}