{"id":115702,"date":"2019-09-12T08:56:30","date_gmt":"2019-09-12T11:56:30","guid":{"rendered":"http:\/\/www.caririemacao.com\/1\/?p=115702"},"modified":"2019-09-12T08:56:30","modified_gmt":"2019-09-12T11:56:30","slug":"crianca-de-dois-anos-morre-apos-cair-em-caldeirao-de-agua-fervendo-em-inga","status":"publish","type":"post","link":"https:\/\/www.caririemacao.com\/1\/2019\/09\/12\/crianca-de-dois-anos-morre-apos-cair-em-caldeirao-de-agua-fervendo-em-inga\/","title":{"rendered":"Crian\u00e7a de dois anos morre ap\u00f3s cair em caldeir\u00e3o de \u00e1gua fervendo em Ing\u00e1"},"content":{"rendered":"\n<p>Uma crian\u00e7a de dois&nbsp;anos, morreu nesta quarta-feira (11), ap\u00f3s cair em um caldeir\u00e3o de \u00e1gua fervendo, na cidade de Ing\u00e1, no Agreste paraibano. O acidente aconteceu no dia 28 de agosto, e segundo familiares, quando o padrasto da crian\u00e7a colocou o caldeir\u00e3o de \u00e1gua no ch\u00e3o, e ao se abaixar para pegar algo ele bateu a cintura na crian\u00e7a que caiu dentro da panela.&nbsp;<\/p>\n\n\n\n<p>A crian\u00e7a sofreu queimaduras graves provocadas pela \u00e1gua quente e foi socorrida para a UPA da cidade. Devido a gravidade dos ferimentos ela foi transferida para o Hospital de Trauma de Campina Grande, onde n\u00e3o resistiu aos ferimentos e morreu nesta quarta.&nbsp;<\/p>\n\n\n\n<p>A morte da crian\u00e7a foi registrada na Central de Pol\u00edcia Civil de Campina Grande e deve ser investigada pela Pol\u00edcia Civil de Ing\u00e1.<\/p>\n","protected":false},"excerpt":{"rendered":"<p>Uma crian\u00e7a de dois&nbsp;anos, morreu nesta quarta-feira (11), ap\u00f3s cair em um caldeir\u00e3o de \u00e1gua fervendo, na cidade de Ing\u00e1, no Agreste paraibano. O acidente&hellip; <\/p>\n","protected":false},"author":1,"featured_media":115704,"comment_status":"closed","ping_status":"closed","sticky":false,"template":"","format":"standard","meta":{"sfsi_plus_gutenberg_text_before_share":"","sfsi_plus_gutenberg_show_text_before_share":"","sfsi_plus_gutenberg_icon_type":"","sfsi_plus_gutenberg_icon_alignemt":"","sfsi_plus_gutenburg_max_per_row":"","footnotes":""},"categories":[2],"tags":[],"class_list":["post-115702","post","type-post","status-publish","format-standard","has-post-thumbnail","hentry","category-geral"],"_links":{"self":[{"href":"https:\/\/www.caririemacao.com\/1\/wp-json\/wp\/v2\/posts\/115702","targetHints":{"allow":["GET"]}}],"collection":[{"href":"https:\/\/www.caririemacao.com\/1\/wp-json\/wp\/v2\/posts"}],"about":[{"href":"https:\/\/www.caririemacao.com\/1\/wp-json\/wp\/v2\/types\/post"}],"author":[{"embeddable":true,"href":"https:\/\/www.caririemacao.com\/1\/wp-json\/wp\/v2\/users\/1"}],"replies":[{"embeddable":true,"href":"https:\/\/www.caririemacao.com\/1\/wp-json\/wp\/v2\/comments?post=115702"}],"version-history":[{"count":1,"href":"https:\/\/www.caririemacao.com\/1\/wp-json\/wp\/v2\/posts\/115702\/revisions"}],"predecessor-version":[{"id":115705,"href":"https:\/\/www.caririemacao.com\/1\/wp-json\/wp\/v2\/posts\/115702\/revisions\/115705"}],"wp:featuredmedia":[{"embeddable":true,"href":"https:\/\/www.caririemacao.com\/1\/wp-json\/wp\/v2\/media\/115704"}],"wp:attachment":[{"href":"https:\/\/www.caririemacao.com\/1\/wp-json\/wp\/v2\/media?parent=115702"}],"wp:term":[{"taxonomy":"category","embeddable":true,"href":"https:\/\/www.caririemacao.com\/1\/wp-json\/wp\/v2\/categories?post=115702"},{"taxonomy":"post_tag","embeddable":true,"href":"https:\/\/www.caririemacao.com\/1\/wp-json\/wp\/v2\/tags?post=115702"}],"curies":[{"name":"wp","href":"https:\/\/api.w.org\/{rel}","templated":true}]}}