{"id":115716,"date":"2019-09-12T09:01:14","date_gmt":"2019-09-12T12:01:14","guid":{"rendered":"http:\/\/www.caririemacao.com\/1\/?p=115716"},"modified":"2019-09-12T09:01:14","modified_gmt":"2019-09-12T12:01:14","slug":"equipe-de-refugiados-vai-competir-na-paralimpiada-de-toquio-em-2020","status":"publish","type":"post","link":"https:\/\/www.caririemacao.com\/1\/2019\/09\/12\/equipe-de-refugiados-vai-competir-na-paralimpiada-de-toquio-em-2020\/","title":{"rendered":"Equipe de refugiados vai competir na Paralimp\u00edada de T\u00f3quio em 2020"},"content":{"rendered":"\n<p>O Comit\u00ea Paral\u00edmpico Internacional (IPC, na sigla em ingl\u00eas) informou que uma equipe de refugiados vai competir na Paralimp\u00edada de T\u00f3quio em 2020.<\/p>\n\n\n\n<p>Em entrevista \u00e0 NHK nessa quarta-feira (110, o presidente do IPC, Andrew Parsons, disse que entre quatro e oito paratletas refugiados participar\u00e3o das competi\u00e7\u00f5es. Uma equipe de refugiados competiu pela primeira vez na Paralimp\u00edada do Rio de Janeiro, h\u00e1 tr\u00eas anos.<\/p>\n\n\n\n<p>Parsons afirmou que discuss\u00f5es est\u00e3o sendo feitas com federa\u00e7\u00f5es esportivas internacionais a respeito da sele\u00e7\u00e3o de atletas que v\u00e3o participar dos jogos.<\/p>\n\n\n\n<p>Faltando cerca de um ano para a competi\u00e7\u00e3o, o presidente do IPC declarou que, at\u00e9 o momento, a Paralimp\u00edada de T\u00f3quio \u00e9 a que oferece melhores condi\u00e7\u00f5es em compara\u00e7\u00e3o com torneios anteriores.<\/p>\n\n\n\n<p>Ele disse ainda que o transporte \u00e9 o maior desafio para os Jogos. Segundo Parsons, um n\u00edvel maior de acessibilidade se faz necess\u00e1rio em rela\u00e7\u00e3o ao transporte, desde o alojamento at\u00e9 os locais de competi\u00e7\u00e3o, para atletas e pessoal encarregado que s\u00e3o portadores de diversos tipos de defici\u00eancia.<\/p>\n\n\n\n<h2 class=\"wp-block-heading\">Seguran\u00e7a<\/h2>\n\n\n\n<p>Empresas de tecnologia dos Estados Unidos e do Jap\u00e3o apresentaram \u00e0 imprensa um sistema de reconhecimento facial que ser\u00e1 empregado em checagens de seguran\u00e7a na Olimp\u00edada e Paralimp\u00edada de T\u00f3quio.<\/p>\n\n\n\n<p>A gigante americana de semicondutores Intel e a fabricante japonesa de eletroeletr\u00f4nicos NEC exibiram nessa quarta-feira (11) o equipamento de reconhecimento Neo Face, que tem 1,5 metro de altura e 30 cent\u00edmetros de largura.<\/p>\n\n\n\n<p>O sistema ser\u00e1 usado em port\u00f5es de acesso aos locais de competi\u00e7\u00f5es para a identifica\u00e7\u00e3o de atletas, jornalistas, funcion\u00e1rios e volunt\u00e1rios e tamb\u00e9m nas acomoda\u00e7\u00f5es dos atletas.<\/p>\n\n\n\n<p>O equipamento escaneia crach\u00e1s emitidos pelos organizadores dos jogos e identifica instantaneamente mais de 300 mil indiv\u00edduos credenciados por meio de dados cadastrados e a imagem obtida nos port\u00f5es de acesso.<\/p>\n\n\n\n<p>As duas fabricantes dizem que ser\u00e1 um uso in\u00e9dito em Jogos Ol\u00edmpicos, de uma tecnologia de reconhecimento facial em substitui\u00e7\u00e3o a guardas de seguran\u00e7a.<\/p>\n\n\n\n<p>Segundo as empresas, o sistema vai garantir uma identifica\u00e7\u00e3o mais confi\u00e1vel e reduzir\u00e1 o tempo de espera nas verifica\u00e7\u00f5es de credencial.<\/p>\n\n\n\n<p>O presidente da Intel Japan, Kunimasa Susuki, disse que pretende fazer dos Jogos de 2020 os mais inovadores j\u00e1 realizados.<\/p>\n","protected":false},"excerpt":{"rendered":"<p>O Comit\u00ea Paral\u00edmpico Internacional (IPC, na sigla em ingl\u00eas) informou que uma equipe de refugiados vai competir na Paralimp\u00edada de T\u00f3quio em 2020. Em entrevista&hellip; <\/p>\n","protected":false},"author":1,"featured_media":3103,"comment_status":"closed","ping_status":"closed","sticky":false,"template":"","format":"standard","meta":{"sfsi_plus_gutenberg_text_before_share":"","sfsi_plus_gutenberg_show_text_before_share":"","sfsi_plus_gutenberg_icon_type":"","sfsi_plus_gutenberg_icon_alignemt":"","sfsi_plus_gutenburg_max_per_row":"","footnotes":""},"categories":[2],"tags":[],"class_list":["post-115716","post","type-post","status-publish","format-standard","has-post-thumbnail","hentry","category-geral"],"_links":{"self":[{"href":"https:\/\/www.caririemacao.com\/1\/wp-json\/wp\/v2\/posts\/115716","targetHints":{"allow":["GET"]}}],"collection":[{"href":"https:\/\/www.caririemacao.com\/1\/wp-json\/wp\/v2\/posts"}],"about":[{"href":"https:\/\/www.caririemacao.com\/1\/wp-json\/wp\/v2\/types\/post"}],"author":[{"embeddable":true,"href":"https:\/\/www.caririemacao.com\/1\/wp-json\/wp\/v2\/users\/1"}],"replies":[{"embeddable":true,"href":"https:\/\/www.caririemacao.com\/1\/wp-json\/wp\/v2\/comments?post=115716"}],"version-history":[{"count":1,"href":"https:\/\/www.caririemacao.com\/1\/wp-json\/wp\/v2\/posts\/115716\/revisions"}],"predecessor-version":[{"id":115717,"href":"https:\/\/www.caririemacao.com\/1\/wp-json\/wp\/v2\/posts\/115716\/revisions\/115717"}],"wp:featuredmedia":[{"embeddable":true,"href":"https:\/\/www.caririemacao.com\/1\/wp-json\/wp\/v2\/media\/3103"}],"wp:attachment":[{"href":"https:\/\/www.caririemacao.com\/1\/wp-json\/wp\/v2\/media?parent=115716"}],"wp:term":[{"taxonomy":"category","embeddable":true,"href":"https:\/\/www.caririemacao.com\/1\/wp-json\/wp\/v2\/categories?post=115716"},{"taxonomy":"post_tag","embeddable":true,"href":"https:\/\/www.caririemacao.com\/1\/wp-json\/wp\/v2\/tags?post=115716"}],"curies":[{"name":"wp","href":"https:\/\/api.w.org\/{rel}","templated":true}]}}