{"id":115743,"date":"2019-09-12T09:46:57","date_gmt":"2019-09-12T12:46:57","guid":{"rendered":"http:\/\/www.caririemacao.com\/1\/?p=115743"},"modified":"2019-09-12T09:46:57","modified_gmt":"2019-09-12T12:46:57","slug":"abate-de-bovinos-e-suinos-cresce-no-segundo-trimestre-no-pais","status":"publish","type":"post","link":"https:\/\/www.caririemacao.com\/1\/2019\/09\/12\/abate-de-bovinos-e-suinos-cresce-no-segundo-trimestre-no-pais\/","title":{"rendered":"Abate de bovinos e su\u00ednos cresce no segundo trimestre no pa\u00eds"},"content":{"rendered":"\n<p>O abate de bovinos e su\u00ednos cresceu no segundo trimestre deste ano no pa\u00eds, tanto na compara\u00e7\u00e3o com o primeiro trimestre quanto em rela\u00e7\u00e3o ao segundo trimestre de 2018. Os dados do setor pecu\u00e1rio foram divulgados&nbsp;hoje&nbsp;(12) pelo Instituto Brasileiro de Geografia e Estat\u00edstica (IBGE).<\/p>\n\n\n\n<p>O total de bois, vacas e novilhos abatidos no segundo trimestre deste ano chegou a 8,04 milh\u00f5es de animais, 1,4% a mais do que no trimestre anterior e 3,5% superior ao segundo trimestre do ano passado.<\/p>\n\n\n\n<p>No segundo trimestre deste ano, foram abatidos 11,39 milh\u00f5es de porcos, ou seja, 0,9% a mais do que no trimestre anterior e 5,2% a mais do que no segundo trimestre de 2018.<\/p>\n\n\n\n<p>J\u00e1 o total de frangos abatidos (1,42 bilh\u00e3o de animais) tamb\u00e9m cresceu em rela\u00e7\u00e3o ao ano anterior (3,4%), mas caiu em rela\u00e7\u00e3o ao primeiro trimestre deste ano (-0,9%).<\/p>\n\n\n\n<h2 class=\"wp-block-heading\">Outros dados<\/h2>\n\n\n\n<p>A aquisi\u00e7\u00e3o de leite somou 5,85 bilh\u00f5es de litros no segundo trimestre de 2019, uma alta de 6,9% em rela\u00e7\u00e3o ao mesmo per\u00edodo do ano passado e uma queda de 5,8% na compara\u00e7\u00e3o com o primeiro trimestre deste ano.<\/p>\n\n\n\n<p>A produ\u00e7\u00e3o de ovos (942,45 mil d\u00fazias) foi superior em 7,2% ao volume do mesmo per\u00edodo do ano passado e em 1,9% na compara\u00e7\u00e3o com o primeiro trimestre deste ano.<\/p>\n","protected":false},"excerpt":{"rendered":"<p>O abate de bovinos e su\u00ednos cresceu no segundo trimestre deste ano no pa\u00eds, tanto na compara\u00e7\u00e3o com o primeiro trimestre quanto em rela\u00e7\u00e3o ao&hellip; <\/p>\n","protected":false},"author":1,"featured_media":115745,"comment_status":"closed","ping_status":"closed","sticky":false,"template":"","format":"standard","meta":{"sfsi_plus_gutenberg_text_before_share":"","sfsi_plus_gutenberg_show_text_before_share":"","sfsi_plus_gutenberg_icon_type":"","sfsi_plus_gutenberg_icon_alignemt":"","sfsi_plus_gutenburg_max_per_row":"","footnotes":""},"categories":[2],"tags":[],"class_list":["post-115743","post","type-post","status-publish","format-standard","has-post-thumbnail","hentry","category-geral"],"_links":{"self":[{"href":"https:\/\/www.caririemacao.com\/1\/wp-json\/wp\/v2\/posts\/115743","targetHints":{"allow":["GET"]}}],"collection":[{"href":"https:\/\/www.caririemacao.com\/1\/wp-json\/wp\/v2\/posts"}],"about":[{"href":"https:\/\/www.caririemacao.com\/1\/wp-json\/wp\/v2\/types\/post"}],"author":[{"embeddable":true,"href":"https:\/\/www.caririemacao.com\/1\/wp-json\/wp\/v2\/users\/1"}],"replies":[{"embeddable":true,"href":"https:\/\/www.caririemacao.com\/1\/wp-json\/wp\/v2\/comments?post=115743"}],"version-history":[{"count":1,"href":"https:\/\/www.caririemacao.com\/1\/wp-json\/wp\/v2\/posts\/115743\/revisions"}],"predecessor-version":[{"id":115746,"href":"https:\/\/www.caririemacao.com\/1\/wp-json\/wp\/v2\/posts\/115743\/revisions\/115746"}],"wp:featuredmedia":[{"embeddable":true,"href":"https:\/\/www.caririemacao.com\/1\/wp-json\/wp\/v2\/media\/115745"}],"wp:attachment":[{"href":"https:\/\/www.caririemacao.com\/1\/wp-json\/wp\/v2\/media?parent=115743"}],"wp:term":[{"taxonomy":"category","embeddable":true,"href":"https:\/\/www.caririemacao.com\/1\/wp-json\/wp\/v2\/categories?post=115743"},{"taxonomy":"post_tag","embeddable":true,"href":"https:\/\/www.caririemacao.com\/1\/wp-json\/wp\/v2\/tags?post=115743"}],"curies":[{"name":"wp","href":"https:\/\/api.w.org\/{rel}","templated":true}]}}