{"id":115753,"date":"2019-09-12T09:49:03","date_gmt":"2019-09-12T12:49:03","guid":{"rendered":"http:\/\/www.caririemacao.com\/1\/?p=115753"},"modified":"2019-09-12T09:49:03","modified_gmt":"2019-09-12T12:49:03","slug":"dorian-cerca-de-2-500-pessoas-continuam-desaparecidas-nas-bahamas","status":"publish","type":"post","link":"https:\/\/www.caririemacao.com\/1\/2019\/09\/12\/dorian-cerca-de-2-500-pessoas-continuam-desaparecidas-nas-bahamas\/","title":{"rendered":"Dorian: cerca de 2.500 pessoas continuam desaparecidas nas Bahamas"},"content":{"rendered":"\n<p>\u201cAtualmente, cerca de 2.500 pessoas [constam] do registo de desaparecidos\u201d devido furac\u00e3o Dorian, nas Bahamas, disse o porta-voz da Ag\u00eancia de Gest\u00e3o de Emerg\u00eancias das Bahamas (NEMA, na sigla inglesa), Carl Smith.<\/p>\n\n\n\n<p>O respons\u00e1vel acrescentou que esta lista n\u00e3o foi comparada com os registos governamentais das pessoas em abrigos ou deslocadas.<\/p>\n\n\n\n<p>Na ter\u00e7a-feira, Carl Smith explicou que 4.500 pessoas foram deslocadas das suas casas nas ilhas Abaco e Grande Bahama, as mais devastadas ap\u00f3s a passagem do furac\u00e3o.<\/p>\n\n\n\n<p>Em confer\u00eancia de imprensa, o porta-voz da NEMA referiu que a maioria teve de se deslocar para Nassau, a capital deste arquip\u00e9lago das Cara\u00edbas.<\/p>\n\n\n\n<p>O Dorian, que no \u00faltimo fim de semana deixou mais de 200 mil pessoas sem luz na costa atl\u00e2ntica do Canad\u00e1, devastou primeiro o arquip\u00e9lago das Bahamas com chuvas torrenciais.<\/p>\n\n\n\n<p>Segundo o primeiro-ministro do arquip\u00e9lago, Hubert Minnis, 60% de Marsh Harbour, a principal cidade das \u00c1baco ficou destru\u00edda.<\/p>\n\n\n\n<p>Os ventos fortes e as \u00e1guas castanhas e lamacentas destru\u00edram e danificaram milhares de casas incapacitando a atividade de hospitais e deixando muitas pessoas presas em s\u00f3t\u00e3os.<\/p>\n","protected":false},"excerpt":{"rendered":"<p>\u201cAtualmente, cerca de 2.500 pessoas [constam] do registo de desaparecidos\u201d devido furac\u00e3o Dorian, nas Bahamas, disse o porta-voz da Ag\u00eancia de Gest\u00e3o de Emerg\u00eancias das&hellip; <\/p>\n","protected":false},"author":1,"featured_media":115755,"comment_status":"closed","ping_status":"closed","sticky":false,"template":"","format":"standard","meta":{"sfsi_plus_gutenberg_text_before_share":"","sfsi_plus_gutenberg_show_text_before_share":"","sfsi_plus_gutenberg_icon_type":"","sfsi_plus_gutenberg_icon_alignemt":"","sfsi_plus_gutenburg_max_per_row":"","footnotes":""},"categories":[2],"tags":[],"class_list":["post-115753","post","type-post","status-publish","format-standard","has-post-thumbnail","hentry","category-geral"],"_links":{"self":[{"href":"https:\/\/www.caririemacao.com\/1\/wp-json\/wp\/v2\/posts\/115753","targetHints":{"allow":["GET"]}}],"collection":[{"href":"https:\/\/www.caririemacao.com\/1\/wp-json\/wp\/v2\/posts"}],"about":[{"href":"https:\/\/www.caririemacao.com\/1\/wp-json\/wp\/v2\/types\/post"}],"author":[{"embeddable":true,"href":"https:\/\/www.caririemacao.com\/1\/wp-json\/wp\/v2\/users\/1"}],"replies":[{"embeddable":true,"href":"https:\/\/www.caririemacao.com\/1\/wp-json\/wp\/v2\/comments?post=115753"}],"version-history":[{"count":1,"href":"https:\/\/www.caririemacao.com\/1\/wp-json\/wp\/v2\/posts\/115753\/revisions"}],"predecessor-version":[{"id":115756,"href":"https:\/\/www.caririemacao.com\/1\/wp-json\/wp\/v2\/posts\/115753\/revisions\/115756"}],"wp:featuredmedia":[{"embeddable":true,"href":"https:\/\/www.caririemacao.com\/1\/wp-json\/wp\/v2\/media\/115755"}],"wp:attachment":[{"href":"https:\/\/www.caririemacao.com\/1\/wp-json\/wp\/v2\/media?parent=115753"}],"wp:term":[{"taxonomy":"category","embeddable":true,"href":"https:\/\/www.caririemacao.com\/1\/wp-json\/wp\/v2\/categories?post=115753"},{"taxonomy":"post_tag","embeddable":true,"href":"https:\/\/www.caririemacao.com\/1\/wp-json\/wp\/v2\/tags?post=115753"}],"curies":[{"name":"wp","href":"https:\/\/api.w.org\/{rel}","templated":true}]}}