{"id":115761,"date":"2019-09-12T09:51:10","date_gmt":"2019-09-12T12:51:10","guid":{"rendered":"http:\/\/www.caririemacao.com\/1\/?p=115761"},"modified":"2019-09-12T09:51:10","modified_gmt":"2019-09-12T12:51:10","slug":"pequim-deixa-lista-das-200-cidades-mais-poluidas-do-mundo","status":"publish","type":"post","link":"https:\/\/www.caririemacao.com\/1\/2019\/09\/12\/pequim-deixa-lista-das-200-cidades-mais-poluidas-do-mundo\/","title":{"rendered":"Pequim deixa lista das 200 cidades mais polu\u00eddas do mundo"},"content":{"rendered":"\n<p>A qualidade do ar em Pequim melhorou nos \u00faltimos anos ao ponto de a cidade deixar de constar na lista das 200 mais polu\u00eddas do mundo. A informa\u00e7\u00e3o consta de estudo publicado hoje (12).<\/p>\n\n\n\n<p>Pequim &#8220;est\u00e1 no caminho certo&#8221; para reduzir em 2,5% a concentra\u00e7\u00e3o de part\u00edculas PM 2,5 &#8211; as mais finas e suscet\u00edveis de se infiltrarem nos pulm\u00f5es -, este ano, em compara\u00e7\u00e3o com 2018, segundo a AirVisual, unidade de investiga\u00e7\u00e3o da empresa su\u00ed\u00e7a IQAir, especializada em purificadores de ar.<\/p>\n\n\n\n<p>Entre janeiro e agosto, o n\u00edvel m\u00e9dio de concentra\u00e7\u00e3o das part\u00edculas foi de 42,6 microgramas por metro c\u00fabico de ar, comparado com 52,8 no ano passado. &#8220;Comparando h\u00e1 dez anos, a diferen\u00e7a \u00e9 ainda mais impressionante&#8221;, mostra o estudo.<\/p>\n\n\n\n<p>&#8220;Nos primeiros oito meses de 2019, a concentra\u00e7\u00e3o de PM2,5 fixou-se em metade do n\u00edvel atingido no mesmo per\u00edodo de 2009&#8221;, acrescenta a pesquisa.<\/p>\n\n\n\n<p>A China sofreu, nos \u00faltimas anos, algumas das piores ondas de polui\u00e7\u00e3o no mundo, devido \u00e0 alta depend\u00eancia do pa\u00eds da queima de carv\u00e3o para produ\u00e7\u00e3o de energia.<\/p>\n\n\n\n<p>O governo chin\u00eas deslocou, entretanto, algumas das f\u00e1bricas situadas nas redondezas de Pequim e substituiu o uso de carv\u00e3o por g\u00e1s natural no fornecimento de energia para a capital, diante da crescente press\u00e3o da opini\u00e3o p\u00fablica.<\/p>\n\n\n\n<p>Apesar da melhora significativa, os n\u00edveis atuais permanecem quatro vezes acima do n\u00edvel m\u00e1ximo de concentra\u00e7\u00e3o recomendado pela Organiza\u00e7\u00e3o Mundial da Sa\u00fade (OMS) &#8211; 25 microgramas por metro c\u00fabico.<\/p>\n\n\n\n<p>Em 2018, Pequim ficou em 122\u00ba lugar entre as cidades mais polu\u00eddas do mundo.<\/p>\n\n\n\n<p>O pa\u00eds continua, por\u00e9m, a ser o maior emissor de gases poluentes do mundo e o principal produtor e consumidor de carv\u00e3o.<br><\/p>\n","protected":false},"excerpt":{"rendered":"<p>A qualidade do ar em Pequim melhorou nos \u00faltimos anos ao ponto de a cidade deixar de constar na lista das 200 mais polu\u00eddas do&hellip; <\/p>\n","protected":false},"author":1,"featured_media":115764,"comment_status":"closed","ping_status":"closed","sticky":false,"template":"","format":"standard","meta":{"sfsi_plus_gutenberg_text_before_share":"","sfsi_plus_gutenberg_show_text_before_share":"","sfsi_plus_gutenberg_icon_type":"","sfsi_plus_gutenberg_icon_alignemt":"","sfsi_plus_gutenburg_max_per_row":"","footnotes":""},"categories":[2],"tags":[],"class_list":["post-115761","post","type-post","status-publish","format-standard","has-post-thumbnail","hentry","category-geral"],"_links":{"self":[{"href":"https:\/\/www.caririemacao.com\/1\/wp-json\/wp\/v2\/posts\/115761","targetHints":{"allow":["GET"]}}],"collection":[{"href":"https:\/\/www.caririemacao.com\/1\/wp-json\/wp\/v2\/posts"}],"about":[{"href":"https:\/\/www.caririemacao.com\/1\/wp-json\/wp\/v2\/types\/post"}],"author":[{"embeddable":true,"href":"https:\/\/www.caririemacao.com\/1\/wp-json\/wp\/v2\/users\/1"}],"replies":[{"embeddable":true,"href":"https:\/\/www.caririemacao.com\/1\/wp-json\/wp\/v2\/comments?post=115761"}],"version-history":[{"count":1,"href":"https:\/\/www.caririemacao.com\/1\/wp-json\/wp\/v2\/posts\/115761\/revisions"}],"predecessor-version":[{"id":115765,"href":"https:\/\/www.caririemacao.com\/1\/wp-json\/wp\/v2\/posts\/115761\/revisions\/115765"}],"wp:featuredmedia":[{"embeddable":true,"href":"https:\/\/www.caririemacao.com\/1\/wp-json\/wp\/v2\/media\/115764"}],"wp:attachment":[{"href":"https:\/\/www.caririemacao.com\/1\/wp-json\/wp\/v2\/media?parent=115761"}],"wp:term":[{"taxonomy":"category","embeddable":true,"href":"https:\/\/www.caririemacao.com\/1\/wp-json\/wp\/v2\/categories?post=115761"},{"taxonomy":"post_tag","embeddable":true,"href":"https:\/\/www.caririemacao.com\/1\/wp-json\/wp\/v2\/tags?post=115761"}],"curies":[{"name":"wp","href":"https:\/\/api.w.org\/{rel}","templated":true}]}}