{"id":115779,"date":"2019-09-12T12:12:08","date_gmt":"2019-09-12T15:12:08","guid":{"rendered":"http:\/\/www.caririemacao.com\/1\/?p=115779"},"modified":"2019-09-12T12:12:08","modified_gmt":"2019-09-12T15:12:08","slug":"apos-suspeita-de-empregar-fantasmas-carlos-bolsonaro-se-diz-tranquilo","status":"publish","type":"post","link":"https:\/\/www.caririemacao.com\/1\/2019\/09\/12\/apos-suspeita-de-empregar-fantasmas-carlos-bolsonaro-se-diz-tranquilo\/","title":{"rendered":"Ap\u00f3s suspeita de empregar \u2018fantasmas\u2019, Carlos Bolsonaro se diz tranquilo"},"content":{"rendered":"\n<p>Ap\u00f3s passar a ser investigado pelo Minist\u00e9rio P\u00fablico do Rio de Janeiro por suspeitas de ter mantido funcion\u00e1rios \u201cfantasmas\u201d em seu gabinete na C\u00e2mara Municipal, o vereador Carlos Bolsonaro (PSC-RJ) afirmou estar \u201ctranquilo e despreocupado\u201d e, mais uma vez, atacou a imprensa. \u201cImprensa lixo, n\u00e3o adianta me chamar para a briga, com desinforma\u00e7\u00f5es que voc\u00eas sempre fomentaram, que n\u00e3o vou cair na armadilha. Qualquer um sabe o motivo disso tudo e qual o objetivo. Tranquilo e despreocupado! Bom dia a todos!\u201d, disse, no Twitter, na manh\u00e3 desta quinta-feira 12.<\/p>\n\n\n\n<p>As den\u00fancias de supostas irregularidades no escrit\u00f3rio do filho Zero Dois do presidente Jair Bolsonaro (PSL) come\u00e7aram a ser publicadas depois que o senador Fl\u00e1vio Bolsonaro (PSL-RJ), irm\u00e3o de Carlos, passou a ser investigado por pr\u00e1ticas parecidas.<\/p>\n\n\n\n<p>O jornal O Estado de S. Paulo revelou o caso de Claudionor Gerbatim de Lima e M\u00e1rcio da Silva Gerbatim, que trabalharam no gabinete de Carlos na C\u00e2mara e n\u00e3o t\u00eam registros de frequ\u00eancia. Os dois s\u00e3o parentes de Fabr\u00edcio Queiroz, piv\u00f4 da investiga\u00e7\u00e3o envolvendo Fl\u00e1vio e seu antigo gabinete na Assembleia Legislativa do Rio (Alerj), que est\u00e1 suspensa por decis\u00e3o do ministro Dias Toffoli, do Supremo Tribunal Federal (STF).<\/p>\n\n\n\n<p>As investiga\u00e7\u00f5es do MP-RJ est\u00e3o sob sigilo e correm em duas esferas: a criminal, que est\u00e1 nas m\u00e3os do procurador-geral de Justi\u00e7a, Eduardo Gussem, com aux\u00edlio do Grupo de Atribui\u00e7\u00e3o Origin\u00e1ria Criminal (Gaocrim); e a c\u00edvel, na qual se verifica se houve improbidade administrativa.<\/p>\n\n\n\n<p>As investiga\u00e7\u00f5es contra Fl\u00e1vio Bolsonaro, que apuram as pr\u00e1ticas de peculato, lavagem de dinheiro e organiza\u00e7\u00e3o criminosa, est\u00e3o suspensas por terem usado informa\u00e7\u00f5es do Conselho de Controle de Atividades Financeiras (Coaf) sem autoriza\u00e7\u00e3o judicial pr\u00e9via. Dias Toffoli suspendeu provisoriamente todos os casos enquadrados nesse perfil.<\/p>\n\n\n\n<p>Esses procedimentos contra Carlos, contudo, n\u00e3o t\u00eam rela\u00e7\u00e3o com dados de movimenta\u00e7\u00f5es financeiras fornecidos por \u00f3rg\u00e3os de controle e podem ser tocados normalmente pelo Minist\u00e9rio P\u00fablico. Carlos pediu licen\u00e7a da C\u00e2mara na \u00faltima ter\u00e7a-feira, 10, para tratar de assuntos particulares.<\/p>\n\n\n\n<p>Quando a Justi\u00e7a autorizou a quebra dos sigilos banc\u00e1rio e fiscal de Fl\u00e1vio e de outras 85 pessoas e nove empresas ligadas a ele, verificou-se que v\u00e1rias delas tamb\u00e9m haviam trabalhado com o presidente Jair Bolsonaro e com Carlos \u2014 inclusive no per\u00edodo considerado pela quebra de sigilo, entre janeiro de 2007 a dezembro de 2018. No entanto, se o MP estadual encontrasse alguma irregularidade relacionada a Jair Bolsonaro, o caso teria que ser remetido \u00e0 Procuradoria-Geral da Rep\u00fablica.<\/p>\n","protected":false},"excerpt":{"rendered":"<p>Ap\u00f3s passar a ser investigado pelo Minist\u00e9rio P\u00fablico do Rio de Janeiro por suspeitas de ter mantido funcion\u00e1rios \u201cfantasmas\u201d em seu gabinete na C\u00e2mara Municipal,&hellip; <\/p>\n","protected":false},"author":1,"featured_media":75615,"comment_status":"closed","ping_status":"closed","sticky":false,"template":"","format":"standard","meta":{"sfsi_plus_gutenberg_text_before_share":"","sfsi_plus_gutenberg_show_text_before_share":"","sfsi_plus_gutenberg_icon_type":"","sfsi_plus_gutenberg_icon_alignemt":"","sfsi_plus_gutenburg_max_per_row":"","footnotes":""},"categories":[11],"tags":[],"class_list":["post-115779","post","type-post","status-publish","format-standard","has-post-thumbnail","hentry","category-politica"],"_links":{"self":[{"href":"https:\/\/www.caririemacao.com\/1\/wp-json\/wp\/v2\/posts\/115779","targetHints":{"allow":["GET"]}}],"collection":[{"href":"https:\/\/www.caririemacao.com\/1\/wp-json\/wp\/v2\/posts"}],"about":[{"href":"https:\/\/www.caririemacao.com\/1\/wp-json\/wp\/v2\/types\/post"}],"author":[{"embeddable":true,"href":"https:\/\/www.caririemacao.com\/1\/wp-json\/wp\/v2\/users\/1"}],"replies":[{"embeddable":true,"href":"https:\/\/www.caririemacao.com\/1\/wp-json\/wp\/v2\/comments?post=115779"}],"version-history":[{"count":1,"href":"https:\/\/www.caririemacao.com\/1\/wp-json\/wp\/v2\/posts\/115779\/revisions"}],"predecessor-version":[{"id":115781,"href":"https:\/\/www.caririemacao.com\/1\/wp-json\/wp\/v2\/posts\/115779\/revisions\/115781"}],"wp:featuredmedia":[{"embeddable":true,"href":"https:\/\/www.caririemacao.com\/1\/wp-json\/wp\/v2\/media\/75615"}],"wp:attachment":[{"href":"https:\/\/www.caririemacao.com\/1\/wp-json\/wp\/v2\/media?parent=115779"}],"wp:term":[{"taxonomy":"category","embeddable":true,"href":"https:\/\/www.caririemacao.com\/1\/wp-json\/wp\/v2\/categories?post=115779"},{"taxonomy":"post_tag","embeddable":true,"href":"https:\/\/www.caririemacao.com\/1\/wp-json\/wp\/v2\/tags?post=115779"}],"curies":[{"name":"wp","href":"https:\/\/api.w.org\/{rel}","templated":true}]}}