{"id":115786,"date":"2019-09-12T12:14:25","date_gmt":"2019-09-12T15:14:25","guid":{"rendered":"http:\/\/www.caririemacao.com\/1\/?p=115786"},"modified":"2019-09-12T12:14:25","modified_gmt":"2019-09-12T15:14:25","slug":"ainda-com-sonda-bolsonaro-deve-reassumir-presidencia-na-sexta","status":"publish","type":"post","link":"https:\/\/www.caririemacao.com\/1\/2019\/09\/12\/ainda-com-sonda-bolsonaro-deve-reassumir-presidencia-na-sexta\/","title":{"rendered":"Ainda com sonda, Bolsonaro deve reassumir Presid\u00eancia na sexta"},"content":{"rendered":"\n<p>(FOLHAPRESS) &#8211; Internado em S\u00e3o Paulo ap\u00f3s cirurgia feita no domingo (8), o presidente Jair Bolsonaro (PSL) apresenta evolu\u00e7\u00e3o favor\u00e1vel nesta quinta (12) e deve reassumir a Presid\u00eancia nesta sexta (13).<\/p>\n\n\n\n<p>O vice-presidente Hamilton Mour\u00e3o (PRTB) ocupa interinamente o cargo.&nbsp;<\/p>\n\n\n\n<p>Os m\u00e9dicos n\u00e3o informaram uma previs\u00e3o de alta do presidente ou quando ele deve retornar a Bras\u00edlia. \u00c9 esperado, no entanto, que ele saia do hospital no domingo (15).&nbsp;<\/p>\n\n\n\n<p>H\u00e1 uma ala reservada no Hospital Vila Nova Star, na zona sul de S\u00e3o Paulo, para que o presidente trabalhe a partir de sexta. As salas abrigam sua equipe m\u00e9dica e de seguran\u00e7a, al\u00e9m dos familiares.&nbsp;<\/p>\n\n\n\n<p>A cirurgia para corre\u00e7\u00e3o de uma h\u00e9rnia no abd\u00f4men foi a quarta pela qual Bolsonaro passou desde que sofreu um ataque \u00e0 faca durante a campanha eleitoral no ano passado.&nbsp;<\/p>\n\n\n\n<p>Bolsonaro segue com uma sonda nasog\u00e1strica e em jejum oral, se alimentando somente pelas veias. A previs\u00e3o, no entanto, \u00e9 que a sonda seja retirada ainda nesta quinta ou na sexta, quando o presidente passar\u00e1 a ter uma dieta l\u00edquida, baseada em ch\u00e1, caldo ralo e gelatina.&nbsp;<\/p>\n\n\n\n<p>O boletim m\u00e9dico desta quinta destaca que Bolsonaro est\u00e1 &#8220;sem dor, afebril e com recupera\u00e7\u00e3o progressiva dos movimentos intestinais&#8221;. A cicatriz da cirurgia tamb\u00e9m tem bom aspecto.&nbsp;<\/p>\n\n\n\n<p>O presidente segue fazendo fisioterapia e caminhadas, para estimular os movimentos do intestino.&nbsp;<\/p>\n\n\n\n<p>As visitas continuam restritas. Acompanham o presidente no hospital a primeira-dama Michelle Bolsonaro e o filho Carlos Bolsonaro.&nbsp;<\/p>\n","protected":false},"excerpt":{"rendered":"<p>(FOLHAPRESS) &#8211; Internado em S\u00e3o Paulo ap\u00f3s cirurgia feita no domingo (8), o presidente Jair Bolsonaro (PSL) apresenta evolu\u00e7\u00e3o favor\u00e1vel nesta quinta (12) e deve&hellip; <\/p>\n","protected":false},"author":1,"featured_media":83784,"comment_status":"closed","ping_status":"closed","sticky":false,"template":"","format":"standard","meta":{"sfsi_plus_gutenberg_text_before_share":"","sfsi_plus_gutenberg_show_text_before_share":"","sfsi_plus_gutenberg_icon_type":"","sfsi_plus_gutenberg_icon_alignemt":"","sfsi_plus_gutenburg_max_per_row":"","footnotes":""},"categories":[11],"tags":[],"class_list":["post-115786","post","type-post","status-publish","format-standard","has-post-thumbnail","hentry","category-politica"],"_links":{"self":[{"href":"https:\/\/www.caririemacao.com\/1\/wp-json\/wp\/v2\/posts\/115786","targetHints":{"allow":["GET"]}}],"collection":[{"href":"https:\/\/www.caririemacao.com\/1\/wp-json\/wp\/v2\/posts"}],"about":[{"href":"https:\/\/www.caririemacao.com\/1\/wp-json\/wp\/v2\/types\/post"}],"author":[{"embeddable":true,"href":"https:\/\/www.caririemacao.com\/1\/wp-json\/wp\/v2\/users\/1"}],"replies":[{"embeddable":true,"href":"https:\/\/www.caririemacao.com\/1\/wp-json\/wp\/v2\/comments?post=115786"}],"version-history":[{"count":1,"href":"https:\/\/www.caririemacao.com\/1\/wp-json\/wp\/v2\/posts\/115786\/revisions"}],"predecessor-version":[{"id":115788,"href":"https:\/\/www.caririemacao.com\/1\/wp-json\/wp\/v2\/posts\/115786\/revisions\/115788"}],"wp:featuredmedia":[{"embeddable":true,"href":"https:\/\/www.caririemacao.com\/1\/wp-json\/wp\/v2\/media\/83784"}],"wp:attachment":[{"href":"https:\/\/www.caririemacao.com\/1\/wp-json\/wp\/v2\/media?parent=115786"}],"wp:term":[{"taxonomy":"category","embeddable":true,"href":"https:\/\/www.caririemacao.com\/1\/wp-json\/wp\/v2\/categories?post=115786"},{"taxonomy":"post_tag","embeddable":true,"href":"https:\/\/www.caririemacao.com\/1\/wp-json\/wp\/v2\/tags?post=115786"}],"curies":[{"name":"wp","href":"https:\/\/api.w.org\/{rel}","templated":true}]}}