{"id":115791,"date":"2019-09-12T12:18:31","date_gmt":"2019-09-12T15:18:31","guid":{"rendered":"http:\/\/www.caririemacao.com\/1\/?p=115791"},"modified":"2019-09-12T12:18:31","modified_gmt":"2019-09-12T15:18:31","slug":"athletico-pr-vence-inter-e-joga-por-empate-para-conquistar-copa-do-brasil","status":"publish","type":"post","link":"https:\/\/www.caririemacao.com\/1\/2019\/09\/12\/athletico-pr-vence-inter-e-joga-por-empate-para-conquistar-copa-do-brasil\/","title":{"rendered":"Athletico-PR vence Inter e joga por empate para conquistar Copa do Brasil"},"content":{"rendered":"\n<p>(FOLHAPRESS) \u2013 O Athletico-PR levou a melhor no jogo de ida das finais da Copa do Brasil, disputado nesta quarta-feira (11), na Arena da Baixada, ao vencer o Internacional por 1 a 0. Agora jogar\u00e1 por um empate na volta, em Porto Alegre, para levar o t\u00edtulo.<\/p>\n\n\n\n<p>O gol da partida foi anotado pelo jovem Bruno Guimar\u00e3es, de 21 anos. Pe\u00e7a-chave no time de Tiago Nunes, o volante abriu o placar aos 12min do segundo tempo, ao completar jogada do atacante Marco Ruben.<\/p>\n\n\n\n<p>Ainda na etapa final, o Athletico chegou perto de ampliar em finaliza\u00e7\u00e3o de Rony, que havia feito fila na defesa do Inter. O goleiro Marcelo Lomba, no entanto, evitou pior cen\u00e1rio para os colorados, que precisar\u00e3o de vit\u00f3ria por dois gols de diferen\u00e7a na pr\u00f3xima quarta (18) para erguer a ta\u00e7a.<\/p>\n\n\n\n<p>Triunfo dos ga\u00fachos pela diferen\u00e7a m\u00ednima levar\u00e1 a decis\u00e3o para os p\u00eanaltis. Vale lembrar que n\u00e3o h\u00e1 gol qualificado na competi\u00e7\u00e3o.<\/p>\n\n\n\n<p>ATHLETICO-PR<br>Santos; Khellven, Bambu, L\u00e9o Pereira e M\u00e1rcio Azevedo; Wellington, Bruno Guimar\u00e3es e L\u00e9o Cittadini (Thonny Anderson); Nik\u00e3o, Rony (Lucho Gonz\u00e1lez) e Marco Ruben (Marcelo Cirino). T.: Tiago Nunes<\/p>\n\n\n\n<p>INTERNACIONAL<br>Marcelo Lomba; Bruno, Moledo, Cuesta e Uendel; Rodrigo Lindoso, Patrick, Edenilson (Nonato), D\u2019Alessandro (Rafael Sobis) e Nico L\u00f3pez (Wellington Silva); Paolo Guerrero. T.: Odair Hellmann<\/p>\n\n\n\n<p>Est\u00e1dio: Arena da Baixada, em Curitiba (PR)<br>Juiz: Raphael Claus (SP)<br>Auxiliares: Rodrigo Figueiredo Henrique Correa e Neuza Ines Back (SP)<br>VAR: Rodrigo Guarizo Ferreira do Amaral (SP)<br>Cart\u00f5es amarelos: Nik\u00e3o, Khellven e Wellington (CAP)<br>Gols: Bruno Guimar\u00e3es (CAP), aos 12min do 2\u00ba tempo<\/p>\n","protected":false},"excerpt":{"rendered":"<p>(FOLHAPRESS) \u2013 O Athletico-PR levou a melhor no jogo de ida das finais da Copa do Brasil, disputado nesta quarta-feira (11), na Arena da Baixada,&hellip; <\/p>\n","protected":false},"author":1,"featured_media":115793,"comment_status":"closed","ping_status":"closed","sticky":false,"template":"","format":"standard","meta":{"sfsi_plus_gutenberg_text_before_share":"","sfsi_plus_gutenberg_show_text_before_share":"","sfsi_plus_gutenberg_icon_type":"","sfsi_plus_gutenberg_icon_alignemt":"","sfsi_plus_gutenburg_max_per_row":"","footnotes":""},"categories":[13],"tags":[],"class_list":["post-115791","post","type-post","status-publish","format-standard","has-post-thumbnail","hentry","category-esportes"],"_links":{"self":[{"href":"https:\/\/www.caririemacao.com\/1\/wp-json\/wp\/v2\/posts\/115791","targetHints":{"allow":["GET"]}}],"collection":[{"href":"https:\/\/www.caririemacao.com\/1\/wp-json\/wp\/v2\/posts"}],"about":[{"href":"https:\/\/www.caririemacao.com\/1\/wp-json\/wp\/v2\/types\/post"}],"author":[{"embeddable":true,"href":"https:\/\/www.caririemacao.com\/1\/wp-json\/wp\/v2\/users\/1"}],"replies":[{"embeddable":true,"href":"https:\/\/www.caririemacao.com\/1\/wp-json\/wp\/v2\/comments?post=115791"}],"version-history":[{"count":1,"href":"https:\/\/www.caririemacao.com\/1\/wp-json\/wp\/v2\/posts\/115791\/revisions"}],"predecessor-version":[{"id":115794,"href":"https:\/\/www.caririemacao.com\/1\/wp-json\/wp\/v2\/posts\/115791\/revisions\/115794"}],"wp:featuredmedia":[{"embeddable":true,"href":"https:\/\/www.caririemacao.com\/1\/wp-json\/wp\/v2\/media\/115793"}],"wp:attachment":[{"href":"https:\/\/www.caririemacao.com\/1\/wp-json\/wp\/v2\/media?parent=115791"}],"wp:term":[{"taxonomy":"category","embeddable":true,"href":"https:\/\/www.caririemacao.com\/1\/wp-json\/wp\/v2\/categories?post=115791"},{"taxonomy":"post_tag","embeddable":true,"href":"https:\/\/www.caririemacao.com\/1\/wp-json\/wp\/v2\/tags?post=115791"}],"curies":[{"name":"wp","href":"https:\/\/api.w.org\/{rel}","templated":true}]}}