{"id":115801,"date":"2019-09-12T12:20:54","date_gmt":"2019-09-12T15:20:54","guid":{"rendered":"http:\/\/www.caririemacao.com\/1\/?p=115801"},"modified":"2019-09-12T12:20:54","modified_gmt":"2019-09-12T15:20:54","slug":"socialista-sobre-crise-no-psb-quero-joao-muito-perto-de-ricardo","status":"publish","type":"post","link":"https:\/\/www.caririemacao.com\/1\/2019\/09\/12\/socialista-sobre-crise-no-psb-quero-joao-muito-perto-de-ricardo\/","title":{"rendered":"Socialista sobre crise no PSB: \u201cQuero Jo\u00e3o muito perto de Ricardo\u201d"},"content":{"rendered":"\n<p><br>Adeputada estadual Estela Bezerra comentou o&nbsp;<a href=\"https:\/\/paraibaonline.com.br\/2019\/09\/a-crise-do-psb-na-paraiba-em-detalhes-pra-voce-confira\/\">impasse que o PSB tem vivido na Para\u00edba<\/a>&nbsp;e citou que sempre pregou a unidade da legenda acima de tudo e vai continuar defendendo a harmonia no partido.<\/p>\n\n\n\n<p>Ela destacou que o PSB \u00e9 o partido que mais cresceu na Para\u00edba e vai enfrentar nacionalmente as quest\u00f5es que est\u00e1 enfrentando atualmente.<\/p>\n\n\n\n<figure class=\"wp-block-image\"><img decoding=\"async\" data-src=\"https:\/\/paraibaonline.com.br\/wp-content\/uploads\/2016\/04\/ESTELA-BEZERRA-22.jpg\" alt=\"Foto: Paraibaonline\" class=\"wp-image-57607 lazyload\" src=\"data:image\/svg+xml;base64,PHN2ZyB3aWR0aD0iMSIgaGVpZ2h0PSIxIiB4bWxucz0iaHR0cDovL3d3dy53My5vcmcvMjAwMC9zdmciPjwvc3ZnPg==\" \/><\/figure>\n\n\n\n<p>Foto: Paraibaonline<\/p>\n\n\n\n<p>Estela frisou, em entrevista \u00e0 R\u00e1dio Caturit\u00e9 FM, que \u00e9 preciso que se entenda que a pol\u00edtica foi feita para o debate de avan\u00e7o e citou que n\u00e3o existe nenhuma vantagem em ver o governador Jo\u00e3o Azev\u00eado (PSB) longe do ex-governador Ricardo Coutinho (PSB).<\/p>\n\n\n\n<p>\u2013 \u00c9 induzida a constru\u00e7\u00e3o de que existe algu\u00e9m que \u00e9 piv\u00f4 disso. Eu digo com toda tranquilidade de quem prega a unidade nesse partido, de quem acredita que o que n\u00f3s apostamos \u00e9 a continuidade e essa continuidade \u00e9 com Jo\u00e3o. Jo\u00e3o sabe da responsabilidade que temos nas m\u00e3os. Eu quero Jo\u00e3o muito perto de Ricardo, eu quero a gente tudo bem juntinho continuando a fazer a luta que n\u00f3s constru\u00edmos e a hist\u00f3ria que n\u00f3s escrevemos at\u00e9 agora \u2013 disse.<\/p>\n","protected":false},"excerpt":{"rendered":"<p>Adeputada estadual Estela Bezerra comentou o&nbsp;impasse que o PSB tem vivido na Para\u00edba&nbsp;e citou que sempre pregou a unidade da legenda acima de tudo e&hellip; <\/p>\n","protected":false},"author":1,"featured_media":115805,"comment_status":"closed","ping_status":"closed","sticky":false,"template":"","format":"standard","meta":{"sfsi_plus_gutenberg_text_before_share":"","sfsi_plus_gutenberg_show_text_before_share":"","sfsi_plus_gutenberg_icon_type":"","sfsi_plus_gutenberg_icon_alignemt":"","sfsi_plus_gutenburg_max_per_row":"","footnotes":""},"categories":[11],"tags":[],"class_list":["post-115801","post","type-post","status-publish","format-standard","has-post-thumbnail","hentry","category-politica"],"_links":{"self":[{"href":"https:\/\/www.caririemacao.com\/1\/wp-json\/wp\/v2\/posts\/115801","targetHints":{"allow":["GET"]}}],"collection":[{"href":"https:\/\/www.caririemacao.com\/1\/wp-json\/wp\/v2\/posts"}],"about":[{"href":"https:\/\/www.caririemacao.com\/1\/wp-json\/wp\/v2\/types\/post"}],"author":[{"embeddable":true,"href":"https:\/\/www.caririemacao.com\/1\/wp-json\/wp\/v2\/users\/1"}],"replies":[{"embeddable":true,"href":"https:\/\/www.caririemacao.com\/1\/wp-json\/wp\/v2\/comments?post=115801"}],"version-history":[{"count":1,"href":"https:\/\/www.caririemacao.com\/1\/wp-json\/wp\/v2\/posts\/115801\/revisions"}],"predecessor-version":[{"id":115806,"href":"https:\/\/www.caririemacao.com\/1\/wp-json\/wp\/v2\/posts\/115801\/revisions\/115806"}],"wp:featuredmedia":[{"embeddable":true,"href":"https:\/\/www.caririemacao.com\/1\/wp-json\/wp\/v2\/media\/115805"}],"wp:attachment":[{"href":"https:\/\/www.caririemacao.com\/1\/wp-json\/wp\/v2\/media?parent=115801"}],"wp:term":[{"taxonomy":"category","embeddable":true,"href":"https:\/\/www.caririemacao.com\/1\/wp-json\/wp\/v2\/categories?post=115801"},{"taxonomy":"post_tag","embeddable":true,"href":"https:\/\/www.caririemacao.com\/1\/wp-json\/wp\/v2\/tags?post=115801"}],"curies":[{"name":"wp","href":"https:\/\/api.w.org\/{rel}","templated":true}]}}