{"id":115824,"date":"2019-09-12T12:29:31","date_gmt":"2019-09-12T15:29:31","guid":{"rendered":"http:\/\/www.caririemacao.com\/1\/?p=115824"},"modified":"2019-09-12T12:29:31","modified_gmt":"2019-09-12T15:29:31","slug":"governo-da-paraiba-investe-mais-de-r-3-mi-em-equipamentos-e-fardamentos-para-pm","status":"publish","type":"post","link":"https:\/\/www.caririemacao.com\/1\/2019\/09\/12\/governo-da-paraiba-investe-mais-de-r-3-mi-em-equipamentos-e-fardamentos-para-pm\/","title":{"rendered":"Governo da Para\u00edba investe mais de R$ 3 mi em equipamentos e fardamentos para PM"},"content":{"rendered":"\n<p>A corpora\u00e7\u00e3o recebeu 1.121 novos coletes bal\u00edsticos nesta primeira quinzena de setembro, que ser\u00e3o destinados para melhorar ainda mais as condi\u00e7\u00f5es de trabalho dos policiais militares no combate \u00e0 criminalidade, em todo o Estado. Neste equipamento, especificamente, foram R$ 971.000,00 investidos.<\/p>\n\n\n\n<p>Al\u00e9m dos novos coletes, a corpora\u00e7\u00e3o foi contemplada com a aquisi\u00e7\u00e3o de v\u00e1rios outros equipamentos de prote\u00e7\u00e3o individual, a exemplo de 4.000 bon\u00e9s anti-impacto para serem usados em grandes eventos e em outras ocasi\u00f5es, 500 kits de prote\u00e7\u00e3o para motociclistas (cotoveleira, joelheira e caneleira), 500 botas tamb\u00e9m para o policiamento de motos, 500 luvas e 111 capacetes.<\/p>\n\n\n\n<p>\u201cEsses investimentos em equipamentos para a prote\u00e7\u00e3o individual dos nossos policiais militares, somados a outros investimentos que o governador Jo\u00e3o Azev\u00eado tem feito para melhorarmos ainda mais os servi\u00e7os prestados \u00e0 popula\u00e7\u00e3o, s\u00e3o fundamentais para a preven\u00e7\u00e3o e combate ao crime, pois traz mais seguran\u00e7a para o profissional que est\u00e1 na ponta, no dia a dia de servi\u00e7o, trabalhando para garantir a tranquilidade dos cidad\u00e3os paraibanos nas 223 cidades do Estado\u201d, destacou o comandante-geral da Pol\u00edcia Militar, coronel Euller Chaves.<\/p>\n\n\n\n<p>Fardamentos novos \u2013 O investimento em fardamentos j\u00e1 atingiu o valor de R$ 1.553.793,00. Foram 6.090 novas fardas, 1.871 pares de coturnos, 500 pares de sapatos e este ano a corpora\u00e7\u00e3o inova e passa tamb\u00e9m a entregar camisetas b\u00e1sicas (conhecida como camisa de dentro), com a aquisi\u00e7\u00e3o de 7.500 unidades. O material vem sendo distribu\u00eddo para as unidades.<\/p>\n","protected":false},"excerpt":{"rendered":"<p>A corpora\u00e7\u00e3o recebeu 1.121 novos coletes bal\u00edsticos nesta primeira quinzena de setembro, que ser\u00e3o destinados para melhorar ainda mais as condi\u00e7\u00f5es de trabalho dos policiais&hellip; <\/p>\n","protected":false},"author":1,"featured_media":95780,"comment_status":"closed","ping_status":"closed","sticky":false,"template":"","format":"standard","meta":{"sfsi_plus_gutenberg_text_before_share":"","sfsi_plus_gutenberg_show_text_before_share":"","sfsi_plus_gutenberg_icon_type":"","sfsi_plus_gutenberg_icon_alignemt":"","sfsi_plus_gutenburg_max_per_row":"","footnotes":""},"categories":[2],"tags":[],"class_list":["post-115824","post","type-post","status-publish","format-standard","has-post-thumbnail","hentry","category-geral"],"_links":{"self":[{"href":"https:\/\/www.caririemacao.com\/1\/wp-json\/wp\/v2\/posts\/115824","targetHints":{"allow":["GET"]}}],"collection":[{"href":"https:\/\/www.caririemacao.com\/1\/wp-json\/wp\/v2\/posts"}],"about":[{"href":"https:\/\/www.caririemacao.com\/1\/wp-json\/wp\/v2\/types\/post"}],"author":[{"embeddable":true,"href":"https:\/\/www.caririemacao.com\/1\/wp-json\/wp\/v2\/users\/1"}],"replies":[{"embeddable":true,"href":"https:\/\/www.caririemacao.com\/1\/wp-json\/wp\/v2\/comments?post=115824"}],"version-history":[{"count":1,"href":"https:\/\/www.caririemacao.com\/1\/wp-json\/wp\/v2\/posts\/115824\/revisions"}],"predecessor-version":[{"id":115826,"href":"https:\/\/www.caririemacao.com\/1\/wp-json\/wp\/v2\/posts\/115824\/revisions\/115826"}],"wp:featuredmedia":[{"embeddable":true,"href":"https:\/\/www.caririemacao.com\/1\/wp-json\/wp\/v2\/media\/95780"}],"wp:attachment":[{"href":"https:\/\/www.caririemacao.com\/1\/wp-json\/wp\/v2\/media?parent=115824"}],"wp:term":[{"taxonomy":"category","embeddable":true,"href":"https:\/\/www.caririemacao.com\/1\/wp-json\/wp\/v2\/categories?post=115824"},{"taxonomy":"post_tag","embeddable":true,"href":"https:\/\/www.caririemacao.com\/1\/wp-json\/wp\/v2\/tags?post=115824"}],"curies":[{"name":"wp","href":"https:\/\/api.w.org\/{rel}","templated":true}]}}