{"id":115831,"date":"2019-09-12T13:11:31","date_gmt":"2019-09-12T16:11:31","guid":{"rendered":"http:\/\/www.caririemacao.com\/1\/?p=115831"},"modified":"2019-09-12T13:11:31","modified_gmt":"2019-09-12T16:11:31","slug":"marina-silva-vem-a-paraiba-para-formalizar-convite-da-rede-a-joao","status":"publish","type":"post","link":"https:\/\/www.caririemacao.com\/1\/2019\/09\/12\/marina-silva-vem-a-paraiba-para-formalizar-convite-da-rede-a-joao\/","title":{"rendered":"Marina Silva vem \u00e0 Para\u00edba para formalizar convite da Rede a Jo\u00e3o"},"content":{"rendered":"\n<p>A ex-candidata \u00e0 Presid\u00eancia da Rep\u00fablica pela Rede Sustentabilidade, Marina Silva, formalizar\u00e1 ao governador Jo\u00e3o Azev\u00eado (PSB), convite de filia\u00e7\u00e3o ao partido. A informa\u00e7\u00e3o foi dada pelo presidente nacional da Rede, Pedro Ivo, ao&nbsp;<strong>Portal MaisPB<\/strong>.<\/p>\n\n\n\n<p>\u201c\u00c9 uma figura que n\u00f3s apoiamos e respeitamos. O partido est\u00e1 de bra\u00e7os e portas abertas se ele desejar ingressar. Marina j\u00e1 iria procurar o governador independente de qualquer coisa. Ele \u00e9 uma pessoa que tem todo nosso apoio\u201d, disse Ivo.<\/p>\n\n\n\n<p>Marina Silva tem agenda na cidade de Mariz\u00f3polis, no Sert\u00e3o do estado, no dia 5 de outubro. Ela ser\u00e1 uma das participantes da 5\u00aa edi\u00e7\u00e3o do Projeto Cibe Shalom, que integra a Confedera\u00e7\u00e3o das Irm\u00e3s Beneficentes e Promotoras da Paz.<\/p>\n\n\n\n<p>Al\u00e9m de Marina, o senador Randolfe Rodrigues, l\u00edder da oposi\u00e7\u00e3o ao governo federal no Senado, tamb\u00e9m deve fazer parte da comitiva da Rede que formalizar\u00e1 o convite a Jo\u00e3o.<\/p>\n\n\n\n<p>Desde a nomea\u00e7\u00e3o do ent\u00e3o presidente do PSB-PB, Edvaldo Rosas, para Secretaria Chefe de Governo, em agosto, o PSB sofre uma crise interna entre o grupo do ex-governador Ricardo Coutinho e a ala que apoia o governador Jo\u00e3o Azev\u00eado. Coutinho comandou o processo de destitui\u00e7\u00e3o de Rosas da presid\u00eancia do PSB, que coloca em xeque a perman\u00eancia de Azev\u00eado no partido.<\/p>\n\n\n\n<p><strong>Maur\u00edlio J\u00fanior \u2013 MaisPB<\/strong><\/p>\n","protected":false},"excerpt":{"rendered":"<p>A ex-candidata \u00e0 Presid\u00eancia da Rep\u00fablica pela Rede Sustentabilidade, Marina Silva, formalizar\u00e1 ao governador Jo\u00e3o Azev\u00eado (PSB), convite de filia\u00e7\u00e3o ao partido. A informa\u00e7\u00e3o foi&hellip; <\/p>\n","protected":false},"author":1,"featured_media":55259,"comment_status":"closed","ping_status":"closed","sticky":false,"template":"","format":"standard","meta":{"sfsi_plus_gutenberg_text_before_share":"","sfsi_plus_gutenberg_show_text_before_share":"","sfsi_plus_gutenberg_icon_type":"","sfsi_plus_gutenberg_icon_alignemt":"","sfsi_plus_gutenburg_max_per_row":"","footnotes":""},"categories":[50,11],"tags":[],"class_list":["post-115831","post","type-post","status-publish","format-standard","has-post-thumbnail","hentry","category-destaque","category-politica"],"_links":{"self":[{"href":"https:\/\/www.caririemacao.com\/1\/wp-json\/wp\/v2\/posts\/115831","targetHints":{"allow":["GET"]}}],"collection":[{"href":"https:\/\/www.caririemacao.com\/1\/wp-json\/wp\/v2\/posts"}],"about":[{"href":"https:\/\/www.caririemacao.com\/1\/wp-json\/wp\/v2\/types\/post"}],"author":[{"embeddable":true,"href":"https:\/\/www.caririemacao.com\/1\/wp-json\/wp\/v2\/users\/1"}],"replies":[{"embeddable":true,"href":"https:\/\/www.caririemacao.com\/1\/wp-json\/wp\/v2\/comments?post=115831"}],"version-history":[{"count":1,"href":"https:\/\/www.caririemacao.com\/1\/wp-json\/wp\/v2\/posts\/115831\/revisions"}],"predecessor-version":[{"id":115833,"href":"https:\/\/www.caririemacao.com\/1\/wp-json\/wp\/v2\/posts\/115831\/revisions\/115833"}],"wp:featuredmedia":[{"embeddable":true,"href":"https:\/\/www.caririemacao.com\/1\/wp-json\/wp\/v2\/media\/55259"}],"wp:attachment":[{"href":"https:\/\/www.caririemacao.com\/1\/wp-json\/wp\/v2\/media?parent=115831"}],"wp:term":[{"taxonomy":"category","embeddable":true,"href":"https:\/\/www.caririemacao.com\/1\/wp-json\/wp\/v2\/categories?post=115831"},{"taxonomy":"post_tag","embeddable":true,"href":"https:\/\/www.caririemacao.com\/1\/wp-json\/wp\/v2\/tags?post=115831"}],"curies":[{"name":"wp","href":"https:\/\/api.w.org\/{rel}","templated":true}]}}