{"id":115840,"date":"2019-09-12T14:03:38","date_gmt":"2019-09-12T17:03:38","guid":{"rendered":"http:\/\/www.caririemacao.com\/1\/?p=115840"},"modified":"2019-09-12T14:03:58","modified_gmt":"2019-09-12T17:03:58","slug":"definidas-as-musicas-selecionadas-para-o-festival-ze-marcolino","status":"publish","type":"post","link":"https:\/\/www.caririemacao.com\/1\/2019\/09\/12\/definidas-as-musicas-selecionadas-para-o-festival-ze-marcolino\/","title":{"rendered":"Definidas as m\u00fasicas selecionadas para o Festival Z\u00e9 Marcolino"},"content":{"rendered":"\n<p>A Secretaria de Educa\u00e7\u00e3o de Sum\u00e9 definiu as 10 m\u00fasicas selecionadas para a final do Festival de M\u00fasica Z\u00e9 Marcolino, que acontecer\u00e1 no dia 28 de setembro na Pra\u00e7a Jos\u00e9 Am\u00e9rico.<\/p>\n\n\n\n<p>As composi\u00e7\u00f5es autorais ser\u00e3o cantadas pelo int\u00e9rprete inscrito e com acompanhamento da banda do Festival sob a reg\u00eancia do maestro Chiquito e seguir\u00e3o ordem de apresenta\u00e7\u00e3o, de acordo com defini\u00e7\u00e3o de sorteio realizado no \u00faltimo dia 10.<\/p>\n\n\n\n<p>A premia\u00e7\u00e3o do Festival ser\u00e1 de R$ 2.000,00 para o primeiro colocado, R$ 1.000,00 para o segundo, R$ 500,00 para o terceiro lugar e R$ 500,00 para o melhor int\u00e9rprete.<\/p>\n\n\n\n<p>Foram inscritas no Festival 24 composi\u00e7\u00f5es que foram julgadas por uma comiss\u00e3o composta por dois m\u00fasicos, maestros e artistas.<\/p>\n\n\n\n<p>No dia da final, 28 de setembro, o evento ter\u00e1 shows com Dejinha de Monteiro e Bira Marcolino.<\/p>\n\n\n\n<p>Confira as composi\u00e7\u00f5es selecionadas:<\/p>\n\n\n\n<table class=\"wp-block-table\"><tbody><tr><td><strong>Ordem de Apresenta\u00e7\u00e3o<\/strong><\/td><td><strong>AUTOR DA M\u00daSICA<\/strong><\/td><td><strong>INT\u00c9RPRETE ART\u00cdSTICO<\/strong><\/td><td><strong>M\u00daSICA<\/strong><\/td><\/tr><tr><td><strong>1\u00ba<\/strong><\/td><td><strong>JOSINALDO JOS\u00c9 DE OLIVEIRA<\/strong><\/td><td>Josinaldo Jos\u00e9<\/td><td>Naquele Tempo<\/td><\/tr><tr><td><strong>2\u00ba<\/strong><\/td><td><strong>UBIRAJARA ANT\u00d4NIO PEREIRA MARIANO<\/strong><\/td><td>Beto Rodrigues<\/td><td>Coisa Mar Bonita<\/td><\/tr><tr><td><strong>3\u00ba<\/strong><\/td><td><strong>PEDRO ERNESTO FERREIRA DE FRAN\u00c7A<\/strong><\/td><td>Pedro Neto<\/td><td>Falando com o Cora\u00e7\u00e3o<\/td><\/tr><tr><td><strong>4\u00ba<\/strong><\/td><td><strong>GENILDO MACIEL DA SILVA<\/strong><\/td><td>Jo\u00e3o Paulo<\/td><td>Maria<\/td><\/tr><tr><td><strong>5\u00ba<\/strong><\/td><td><strong>ALYSSON ERYKE FERREIRA DA SILVA<\/strong><\/td><td>Jacson e Alysson<\/td><td>Ponto Final<\/td><\/tr><tr><td><strong>6\u00ba<\/strong><\/td><td><strong>JOSIVAN AZEV\u00caDO BATISTA<\/strong><\/td><td>Osmando Silva<\/td><td>Z\u00e9 Marcolino \u00e9 Arte em Forma de Poesia<\/td><\/tr><tr><td><strong>7\u00ba<\/strong><\/td><td><strong>EMERSON CARLO DA SILVA ROCHA<\/strong><\/td><td>Mercinho Rocha<\/td><td>Filho de Sum\u00e9<\/td><\/tr><tr><td><strong>8\u00ba<\/strong><\/td><td><strong>VANDERLEI BATISTA ALVES<\/strong><\/td><td>Vanderlei Batista<\/td><td>Cidade Querida<\/td><\/tr><tr><td><strong>9\u00ba<\/strong><\/td><td><strong>JOS\u00c9 ALBERTO BATISTA DA SILVA<\/strong><\/td><td>Poeta Alberto Batista<\/td><td>Um Aboio de Saudade<\/td><\/tr><tr><td><strong>10\u00ba<\/strong><\/td><td><strong>JORGE PEREIRA DE ANDRADE E ERASMO<\/strong><strong>ROM\u00c3O<\/strong><\/td><td>Luiz Cl\u00e1udio<\/td><td>A Chuva Espantando a Sede<\/td><\/tr><\/tbody><\/table>\n\n\n\n<p>Ascom PMS<\/p>\n","protected":false},"excerpt":{"rendered":"<p>A Secretaria de Educa\u00e7\u00e3o de Sum\u00e9 definiu as 10 m\u00fasicas selecionadas para a final do Festival de M\u00fasica Z\u00e9 Marcolino, que acontecer\u00e1 no dia 28&hellip; <\/p>\n","protected":false},"author":1,"featured_media":115842,"comment_status":"closed","ping_status":"closed","sticky":false,"template":"","format":"standard","meta":{"sfsi_plus_gutenberg_text_before_share":"","sfsi_plus_gutenberg_show_text_before_share":"","sfsi_plus_gutenberg_icon_type":"","sfsi_plus_gutenberg_icon_alignemt":"","sfsi_plus_gutenburg_max_per_row":"","footnotes":""},"categories":[6,50],"tags":[],"class_list":["post-115840","post","type-post","status-publish","format-standard","has-post-thumbnail","hentry","category-cidades","category-destaque"],"_links":{"self":[{"href":"https:\/\/www.caririemacao.com\/1\/wp-json\/wp\/v2\/posts\/115840","targetHints":{"allow":["GET"]}}],"collection":[{"href":"https:\/\/www.caririemacao.com\/1\/wp-json\/wp\/v2\/posts"}],"about":[{"href":"https:\/\/www.caririemacao.com\/1\/wp-json\/wp\/v2\/types\/post"}],"author":[{"embeddable":true,"href":"https:\/\/www.caririemacao.com\/1\/wp-json\/wp\/v2\/users\/1"}],"replies":[{"embeddable":true,"href":"https:\/\/www.caririemacao.com\/1\/wp-json\/wp\/v2\/comments?post=115840"}],"version-history":[{"count":2,"href":"https:\/\/www.caririemacao.com\/1\/wp-json\/wp\/v2\/posts\/115840\/revisions"}],"predecessor-version":[{"id":115844,"href":"https:\/\/www.caririemacao.com\/1\/wp-json\/wp\/v2\/posts\/115840\/revisions\/115844"}],"wp:featuredmedia":[{"embeddable":true,"href":"https:\/\/www.caririemacao.com\/1\/wp-json\/wp\/v2\/media\/115842"}],"wp:attachment":[{"href":"https:\/\/www.caririemacao.com\/1\/wp-json\/wp\/v2\/media?parent=115840"}],"wp:term":[{"taxonomy":"category","embeddable":true,"href":"https:\/\/www.caririemacao.com\/1\/wp-json\/wp\/v2\/categories?post=115840"},{"taxonomy":"post_tag","embeddable":true,"href":"https:\/\/www.caririemacao.com\/1\/wp-json\/wp\/v2\/tags?post=115840"}],"curies":[{"name":"wp","href":"https:\/\/api.w.org\/{rel}","templated":true}]}}