{"id":115849,"date":"2019-09-12T14:06:41","date_gmt":"2019-09-12T17:06:41","guid":{"rendered":"http:\/\/www.caririemacao.com\/1\/?p=115849"},"modified":"2019-09-12T14:07:27","modified_gmt":"2019-09-12T17:07:27","slug":"caps-de-sume-inicia-atividades-da-campanha-setembro-amarelo","status":"publish","type":"post","link":"https:\/\/www.caririemacao.com\/1\/2019\/09\/12\/caps-de-sume-inicia-atividades-da-campanha-setembro-amarelo\/","title":{"rendered":"CAPS de Sum\u00e9 inicia atividades da Campanha Setembro Amarelo"},"content":{"rendered":"\n<p>O Centro de Aten\u00e7\u00e3o Psicosocial de Sum\u00e9, o CAPS, est\u00e1 com programa\u00e7\u00e3o alusiva ao Setembro Amarelo, m\u00eas de preven\u00e7\u00e3o ao suic\u00eddio. O Setembro Amarelo promove a conscientiza\u00e7\u00e3o da popula\u00e7\u00e3o sobre a import\u00e2ncia de falar sobre o tema.<\/p>\n\n\n\n<p>Segundo o Centro de Valoriza\u00e7\u00e3o da Vida (CVV), 32 brasileiros se suicidam por dia no pa\u00eds, taxa superior \u00e0s mortes causadas por c\u00e2ncer e AIDS. De acordo com a Organiza\u00e7\u00e3o Mundial da Sa\u00fade,&nbsp;nove em cada&nbsp;dez casos poderiam ser prevenidos. A faixa et\u00e1ria que mais preocupa as autoridades \u00e9 entre os 15 e 35 anos.<\/p>\n\n\n\n<p>A programa\u00e7\u00e3o preparada pelo CAPS de Sum\u00e9 constitui-se de palestras, rodas de conversas, passeatas e debates em institui\u00e7\u00f5es voltadas para o p\u00fablico do Centro e a comunidade em geral. As escolas da rede municipal e estadual de ensino tamb\u00e9m foram inclu\u00eddas nas atividades.<\/p>\n\n\n\n<figure class=\"wp-block-image\"><a href=\"http:\/\/www.sume.pb.gov.br\/2019\/09\/caps-de-sume-inicia-atividades-da-campanha-setembro-amarelo\/img-20190911-wa0041\/\"><img decoding=\"async\" data-src=\"http:\/\/www.sume.pb.gov.br\/wp-content\/uploads\/2019\/09\/IMG-20190911-WA0041-300x225.jpg\" alt=\"\" src=\"data:image\/svg+xml;base64,PHN2ZyB3aWR0aD0iMSIgaGVpZ2h0PSIxIiB4bWxucz0iaHR0cDovL3d3dy53My5vcmcvMjAwMC9zdmciPjwvc3ZnPg==\" class=\"lazyload\" style=\"--smush-placeholder-width: 300px; --smush-placeholder-aspect-ratio: 300\/225;\" \/><\/a><\/figure>\n\n\n\n<figure class=\"wp-block-image\"><a href=\"http:\/\/www.sume.pb.gov.br\/2019\/09\/caps-de-sume-inicia-atividades-da-campanha-setembro-amarelo\/img-20190911-wa0045\/\"><img decoding=\"async\" data-src=\"http:\/\/www.sume.pb.gov.br\/wp-content\/uploads\/2019\/09\/IMG-20190911-WA0045-300x225.jpg\" alt=\"\" src=\"data:image\/svg+xml;base64,PHN2ZyB3aWR0aD0iMSIgaGVpZ2h0PSIxIiB4bWxucz0iaHR0cDovL3d3dy53My5vcmcvMjAwMC9zdmciPjwvc3ZnPg==\" class=\"lazyload\" style=\"--smush-placeholder-width: 300px; --smush-placeholder-aspect-ratio: 300\/225;\" \/><\/a><\/figure>\n\n\n\n<figure class=\"wp-block-image\"><a href=\"http:\/\/www.sume.pb.gov.br\/2019\/09\/caps-de-sume-inicia-atividades-da-campanha-setembro-amarelo\/img-20190911-wa0050\/\"><img decoding=\"async\" data-src=\"http:\/\/www.sume.pb.gov.br\/wp-content\/uploads\/2019\/09\/IMG-20190911-WA0050-300x225.jpg\" alt=\"\" src=\"data:image\/svg+xml;base64,PHN2ZyB3aWR0aD0iMSIgaGVpZ2h0PSIxIiB4bWxucz0iaHR0cDovL3d3dy53My5vcmcvMjAwMC9zdmciPjwvc3ZnPg==\" class=\"lazyload\" style=\"--smush-placeholder-width: 300px; --smush-placeholder-aspect-ratio: 300\/225;\" \/><\/a><\/figure>\n\n\n\n<p>Nesta ter\u00e7a-feira (12), no Centro de Aten\u00e7\u00e3o Psicosocial, a programa\u00e7\u00e3o traz a palestra \u201cSe voc\u00ea est\u00e1 sentindo, \u00e9 importante\u201d, com a psic\u00f3loga do munic\u00edpio, Jocilda Azevedo.<\/p>\n\n\n\n<p>Na pr\u00f3xima segunda-feira (16), a equipe t\u00e9cnica do CAPS estar\u00e1 fazendo panfletagem na feira livre e no com\u00e9rcio, a partir das 08h.<\/p>\n\n\n\n<p>No dia 19 \u00e9 a vez do \u201cPedal Setembro Amarelo\u201d com a equipe de ciclistas do grupo Pedala Sum\u00e9, que estar\u00e3o percorrendo as principais ruas da cidade chamando aten\u00e7\u00e3o para o tema.<\/p>\n\n\n\n<p>A programa\u00e7\u00e3o se encerra no dia 25 com a palestra \u201cCombater o estigma \u00e9 salvar vidas\u201d, proferida pelo m\u00e9dico psiquiatra, Thiago Guedes de Andrade. A palestra ser\u00e1 realizada no audit\u00f3rio da Secretaria Municipal de Educa\u00e7\u00e3o, \u00e0s 09h e \u00e9 aberta \u00e0 toda comunidade.<\/p>\n\n\n\n<p>Ascom<\/p>\n","protected":false},"excerpt":{"rendered":"<p>O Centro de Aten\u00e7\u00e3o Psicosocial de Sum\u00e9, o CAPS, est\u00e1 com programa\u00e7\u00e3o alusiva ao Setembro Amarelo, m\u00eas de preven\u00e7\u00e3o ao suic\u00eddio. O Setembro Amarelo promove&hellip; <\/p>\n","protected":false},"author":1,"featured_media":65979,"comment_status":"closed","ping_status":"closed","sticky":false,"template":"","format":"standard","meta":{"sfsi_plus_gutenberg_text_before_share":"","sfsi_plus_gutenberg_show_text_before_share":"","sfsi_plus_gutenberg_icon_type":"","sfsi_plus_gutenberg_icon_alignemt":"","sfsi_plus_gutenburg_max_per_row":"","footnotes":""},"categories":[16],"tags":[],"class_list":["post-115849","post","type-post","status-publish","format-standard","has-post-thumbnail","hentry","category-saude"],"_links":{"self":[{"href":"https:\/\/www.caririemacao.com\/1\/wp-json\/wp\/v2\/posts\/115849","targetHints":{"allow":["GET"]}}],"collection":[{"href":"https:\/\/www.caririemacao.com\/1\/wp-json\/wp\/v2\/posts"}],"about":[{"href":"https:\/\/www.caririemacao.com\/1\/wp-json\/wp\/v2\/types\/post"}],"author":[{"embeddable":true,"href":"https:\/\/www.caririemacao.com\/1\/wp-json\/wp\/v2\/users\/1"}],"replies":[{"embeddable":true,"href":"https:\/\/www.caririemacao.com\/1\/wp-json\/wp\/v2\/comments?post=115849"}],"version-history":[{"count":1,"href":"https:\/\/www.caririemacao.com\/1\/wp-json\/wp\/v2\/posts\/115849\/revisions"}],"predecessor-version":[{"id":115852,"href":"https:\/\/www.caririemacao.com\/1\/wp-json\/wp\/v2\/posts\/115849\/revisions\/115852"}],"wp:featuredmedia":[{"embeddable":true,"href":"https:\/\/www.caririemacao.com\/1\/wp-json\/wp\/v2\/media\/65979"}],"wp:attachment":[{"href":"https:\/\/www.caririemacao.com\/1\/wp-json\/wp\/v2\/media?parent=115849"}],"wp:term":[{"taxonomy":"category","embeddable":true,"href":"https:\/\/www.caririemacao.com\/1\/wp-json\/wp\/v2\/categories?post=115849"},{"taxonomy":"post_tag","embeddable":true,"href":"https:\/\/www.caririemacao.com\/1\/wp-json\/wp\/v2\/tags?post=115849"}],"curies":[{"name":"wp","href":"https:\/\/api.w.org\/{rel}","templated":true}]}}