{"id":115863,"date":"2019-09-12T14:38:55","date_gmt":"2019-09-12T17:38:55","guid":{"rendered":"http:\/\/www.caririemacao.com\/1\/?p=115863"},"modified":"2019-09-12T14:38:55","modified_gmt":"2019-09-12T17:38:55","slug":"sume-sedia-oficina-intermunicipal-para-discutir-seguranca-alimentar-e-nutricional","status":"publish","type":"post","link":"https:\/\/www.caririemacao.com\/1\/2019\/09\/12\/sume-sedia-oficina-intermunicipal-para-discutir-seguranca-alimentar-e-nutricional\/","title":{"rendered":"Sum\u00e9 sedia oficina intermunicipal para discutir seguran\u00e7a alimentar e nutricional"},"content":{"rendered":"\n<p>Aconteceu na \u00faltima ter\u00e7a-feira (10), em Sum\u00e9, a Oficina presencial do Projeto SISAN Universidades.<\/p>\n\n\n\n<p>O evento teve como objetivo apresentar proposta do Projeto e iniciar um debate sobre os conhecimentos e realidade da Seguran\u00e7a Alimentar e Nutricional, local e nacional.<\/p>\n\n\n\n<p>Durante a oficina foi discutido o curso semi presencial \u201cDi\u00e1logos sobre a Seguran\u00e7a Alimentar e Nutricional: desafios e perspectivas para o fortalecimento do SISAN em munic\u00edpios paraibanos\u201d.<\/p>\n\n\n\n<p>O curso estrutura-se da seguinte forma: Momento Introdut\u00f3rio- reuni\u00e3o com<\/p>\n\n\n\n<p>representantes dos munic\u00edpios; Oficina presencial, aulas EAD e encontro estadual com os munic\u00edpios envolvidos.<\/p>\n\n\n\n<div class=\"wp-block-image\"><figure class=\"alignright\"><a href=\"http:\/\/www.sume.pb.gov.br\/wp-content\/uploads\/2019\/09\/19230489-7e32-4ebf-b7f6-d86d96699a22.jpg\"><img decoding=\"async\" data-src=\"http:\/\/www.sume.pb.gov.br\/wp-content\/uploads\/2019\/09\/19230489-7e32-4ebf-b7f6-d86d96699a22-300x225.jpg\" alt=\"\" class=\"wp-image-8680 lazyload\" src=\"data:image\/svg+xml;base64,PHN2ZyB3aWR0aD0iMSIgaGVpZ2h0PSIxIiB4bWxucz0iaHR0cDovL3d3dy53My5vcmcvMjAwMC9zdmciPjwvc3ZnPg==\" style=\"--smush-placeholder-width: 300px; --smush-placeholder-aspect-ratio: 300\/225;\" \/><\/a><\/figure><\/div>\n\n\n\n<p>Vale destacar que Sum\u00e9 foi o primeiro munic\u00edpio da Para\u00edba a criar um plano de seguran\u00e7a alimentar e nutricion&nbsp;al, com isso facilitou a sua ades\u00e3o ao Programa de Aquisi\u00e7\u00e3o de Alimentos (PAA), possibilitando que o munic\u00edpio possa distribuir alimentos para as pessoas de baixa renda.<\/p>\n\n\n\n<p>Durante a oficina participaram representantes de quatro munic\u00edpios (Sum\u00e9, Barra de Santana, Serra Branca e Soledade), que estiveram representados por um representante de cada pasta: Assist\u00eancia Social, Agricultura, Educa\u00e7\u00e3o e Sa\u00fade e representantes da sociedade civil (conselho, associa\u00e7\u00e3o, cooperativa, movimento e outras lideran\u00e7as comunit\u00e1rias).<\/p>\n\n\n\n<p>Ascom PMS<\/p>\n","protected":false},"excerpt":{"rendered":"<p>Aconteceu na \u00faltima ter\u00e7a-feira (10), em Sum\u00e9, a Oficina presencial do Projeto SISAN Universidades. O evento teve como objetivo apresentar proposta do Projeto e iniciar&hellip; <\/p>\n","protected":false},"author":1,"featured_media":115865,"comment_status":"closed","ping_status":"closed","sticky":false,"template":"","format":"standard","meta":{"sfsi_plus_gutenberg_text_before_share":"","sfsi_plus_gutenberg_show_text_before_share":"","sfsi_plus_gutenberg_icon_type":"","sfsi_plus_gutenberg_icon_alignemt":"","sfsi_plus_gutenburg_max_per_row":"","footnotes":""},"categories":[50,2],"tags":[],"class_list":["post-115863","post","type-post","status-publish","format-standard","has-post-thumbnail","hentry","category-destaque","category-geral"],"_links":{"self":[{"href":"https:\/\/www.caririemacao.com\/1\/wp-json\/wp\/v2\/posts\/115863","targetHints":{"allow":["GET"]}}],"collection":[{"href":"https:\/\/www.caririemacao.com\/1\/wp-json\/wp\/v2\/posts"}],"about":[{"href":"https:\/\/www.caririemacao.com\/1\/wp-json\/wp\/v2\/types\/post"}],"author":[{"embeddable":true,"href":"https:\/\/www.caririemacao.com\/1\/wp-json\/wp\/v2\/users\/1"}],"replies":[{"embeddable":true,"href":"https:\/\/www.caririemacao.com\/1\/wp-json\/wp\/v2\/comments?post=115863"}],"version-history":[{"count":1,"href":"https:\/\/www.caririemacao.com\/1\/wp-json\/wp\/v2\/posts\/115863\/revisions"}],"predecessor-version":[{"id":115866,"href":"https:\/\/www.caririemacao.com\/1\/wp-json\/wp\/v2\/posts\/115863\/revisions\/115866"}],"wp:featuredmedia":[{"embeddable":true,"href":"https:\/\/www.caririemacao.com\/1\/wp-json\/wp\/v2\/media\/115865"}],"wp:attachment":[{"href":"https:\/\/www.caririemacao.com\/1\/wp-json\/wp\/v2\/media?parent=115863"}],"wp:term":[{"taxonomy":"category","embeddable":true,"href":"https:\/\/www.caririemacao.com\/1\/wp-json\/wp\/v2\/categories?post=115863"},{"taxonomy":"post_tag","embeddable":true,"href":"https:\/\/www.caririemacao.com\/1\/wp-json\/wp\/v2\/tags?post=115863"}],"curies":[{"name":"wp","href":"https:\/\/api.w.org\/{rel}","templated":true}]}}