{"id":115870,"date":"2019-09-12T14:41:33","date_gmt":"2019-09-12T17:41:33","guid":{"rendered":"http:\/\/www.caririemacao.com\/1\/?p=115870"},"modified":"2019-09-12T14:41:33","modified_gmt":"2019-09-12T17:41:33","slug":"som-nas-pedras-retorna-ao-berco-com-o-melhor-da-cultura-em-monteiro","status":"publish","type":"post","link":"https:\/\/www.caririemacao.com\/1\/2019\/09\/12\/som-nas-pedras-retorna-ao-berco-com-o-melhor-da-cultura-em-monteiro\/","title":{"rendered":"Som nas Pedras retorna ao ber\u00e7o com o melhor da cultura em Monteiro"},"content":{"rendered":"\n<div class=\"wp-block-image\"><figure class=\"alignright\"><img decoding=\"async\" data-src=\"https:\/\/i2.wp.com\/www.vitrinedocariri.com.br\/wp-content\/uploads\/2019\/09\/Som-nas-Pedras-retorna-ao-ber%C3%A7o-com-o-melhor-da-cultura-em-Monteiro.jpg?zoom=2&amp;resize=330%2C220&amp;ssl=1\" alt=\"\" class=\"wp-image-52889 lazyload\" src=\"data:image\/svg+xml;base64,PHN2ZyB3aWR0aD0iMSIgaGVpZ2h0PSIxIiB4bWxucz0iaHR0cDovL3d3dy53My5vcmcvMjAwMC9zdmciPjwvc3ZnPg==\" \/><\/figure><\/div>\n\n\n\n<p>O Som nas Pedras retorna ao ber\u00e7o no pr\u00f3ximo dia 21 \u00e0s 18 horas na Laje das Mo\u00e7as na Comunidade de Santa Catarina em Monteiro.<\/p>\n\n\n\n<p>Ap\u00f3s o sucesso de oito edi\u00e7\u00f5es, assim como todo projeto de \u00eaxito, o Som nas Pedras tornou-se um Circuito e invadiu a Para\u00edba com o melhor da cultura em cen\u00e1rios de tirar o f\u00f4lego. O evento teve seu in\u00edcio em 2016, a partir de uma ideia da Rota Cariri Cultural, com a implanta\u00e7\u00e3o da Rota na cidade de Monteiro, articulada pelo Sebrae Para\u00edba e empreendedores locais, na Pedra dos \u00cdndios.<\/p>\n\n\n\n<p>O Circuito Som nas Pedras, batizado desta forma pelo Governo do Estado, conta com apoio de agentes culturais e a parceria das prefeituras municipais com a corealiza\u00e7\u00e3o por meio das Secretarias de Estado da Cultura, a Empresa Paraibana de Turismo (PBTur),da Empresa Paraibana de Comunica\u00e7\u00e3o \u2013 EPC e Sebrae, al\u00e9m da iniciativa privada.<\/p>\n\n\n\n<p>Nesta edi\u00e7\u00e3o em Monteiro, o local escolhido foi a Lage das Mo\u00e7as, um local com uma vis\u00e3o privilegiada, nativos acolhedores e grandes hist\u00f3rias, incrustado no Complexo Tur\u00edstico Zab\u00e9 da Loca, na comunidade de Santa Catarina na zona rural de Monteiro, o qual integra a Rota Cariri Cultural, uma a\u00e7\u00e3o do Sebrae Para\u00edba e da Prefeitura Municipal.<\/p>\n\n\n\n<p>Sob o teto de estrelas o Grupo Black Art que tem 30 componentes e coreografias de ritmos como: xaxado, ciranda, forr\u00f3 entre outros e o Projeto Prima brindar\u00e3o o p\u00fablico com uma bela apresenta\u00e7\u00e3o abrindo a programa\u00e7\u00e3o, que tamb\u00e9m contar\u00e1 com as apresenta\u00e7\u00f5es da Orquestra Sanf\u00f4nica da UEPB Campus Pinto do Monteiro, o Grupo de Mazurca, P\u00edfe Perfumado, Bibi Sax e a Filarm\u00f4nica Sebasti\u00e3o de Oliveira Brito.<\/p>\n\n\n\n<p>\u201cO nosso Som nas Pedras cresceu e ganhou a Para\u00edba, mais um produto de sucesso exportado do cora\u00e7\u00e3o do Cariri para as demais regi\u00f5es. Monteiro \u00e9 o ber\u00e7o desta ideia que ganhou corpo e alma, onde nos reunimos no friozinho da serra ao lado dos amigos para curtir a beleza do nosso c\u00e9u estrelado e claro, com m\u00fasica de qualidade. Nosso orgulho \u00e9 imenso e estejam todos convidados para prestigiar essa legi\u00e3o de nomes da nossa terra\u201d, comenta Anna Lorena, prefeita de Monteiro.<\/p>\n\n\n\n<p><strong>Som nas Pedras<\/strong><br>O primeiro evento teve a participa\u00e7\u00e3o do poeta Pedro Soares, de Jo\u00e3o Pessoa, recitando poesias, a 2\u00aa edi\u00e7\u00e3o apresentou a m\u00fasica popular brasileira de Milton Dornelas, de Jo\u00e3o Pessoa, nas edi\u00e7\u00f5es seguintes se apresentaram o poeta popular Espedito de Mocinha, Carrim da Prata e Z\u00e9 Jabitac\u00e1 \u2013 dois cantadores do Cariri, a cantora Sandra Bel\u00ea, o projeto ACordaOSopro \u2013 com o mineiro Marcelo Fonseca e o baiano Rodrigo Sestrem, Ilmar Cavalcante, Osmando Silva, Lucas Carvalho, Ju Vieira e Neguinho de Arcoverde, entre tantos outros.<\/p>\n","protected":false},"excerpt":{"rendered":"<p>O Som nas Pedras retorna ao ber\u00e7o no pr\u00f3ximo dia 21 \u00e0s 18 horas na Laje das Mo\u00e7as na Comunidade de Santa Catarina em Monteiro.&hellip; <\/p>\n","protected":false},"author":1,"featured_media":115873,"comment_status":"closed","ping_status":"closed","sticky":false,"template":"","format":"standard","meta":{"sfsi_plus_gutenberg_text_before_share":"","sfsi_plus_gutenberg_show_text_before_share":"","sfsi_plus_gutenberg_icon_type":"","sfsi_plus_gutenberg_icon_alignemt":"","sfsi_plus_gutenburg_max_per_row":"","footnotes":""},"categories":[50,2],"tags":[],"class_list":["post-115870","post","type-post","status-publish","format-standard","has-post-thumbnail","hentry","category-destaque","category-geral"],"_links":{"self":[{"href":"https:\/\/www.caririemacao.com\/1\/wp-json\/wp\/v2\/posts\/115870","targetHints":{"allow":["GET"]}}],"collection":[{"href":"https:\/\/www.caririemacao.com\/1\/wp-json\/wp\/v2\/posts"}],"about":[{"href":"https:\/\/www.caririemacao.com\/1\/wp-json\/wp\/v2\/types\/post"}],"author":[{"embeddable":true,"href":"https:\/\/www.caririemacao.com\/1\/wp-json\/wp\/v2\/users\/1"}],"replies":[{"embeddable":true,"href":"https:\/\/www.caririemacao.com\/1\/wp-json\/wp\/v2\/comments?post=115870"}],"version-history":[{"count":1,"href":"https:\/\/www.caririemacao.com\/1\/wp-json\/wp\/v2\/posts\/115870\/revisions"}],"predecessor-version":[{"id":115874,"href":"https:\/\/www.caririemacao.com\/1\/wp-json\/wp\/v2\/posts\/115870\/revisions\/115874"}],"wp:featuredmedia":[{"embeddable":true,"href":"https:\/\/www.caririemacao.com\/1\/wp-json\/wp\/v2\/media\/115873"}],"wp:attachment":[{"href":"https:\/\/www.caririemacao.com\/1\/wp-json\/wp\/v2\/media?parent=115870"}],"wp:term":[{"taxonomy":"category","embeddable":true,"href":"https:\/\/www.caririemacao.com\/1\/wp-json\/wp\/v2\/categories?post=115870"},{"taxonomy":"post_tag","embeddable":true,"href":"https:\/\/www.caririemacao.com\/1\/wp-json\/wp\/v2\/tags?post=115870"}],"curies":[{"name":"wp","href":"https:\/\/api.w.org\/{rel}","templated":true}]}}