{"id":115880,"date":"2019-09-12T14:48:28","date_gmt":"2019-09-12T17:48:28","guid":{"rendered":"http:\/\/www.caririemacao.com\/1\/?p=115880"},"modified":"2019-09-12T14:48:28","modified_gmt":"2019-09-12T17:48:28","slug":"ricardo-coutinho-revela-que-sacrificou-candidatura-ao-senado-a-pedido-de-joao-azevedo","status":"publish","type":"post","link":"https:\/\/www.caririemacao.com\/1\/2019\/09\/12\/ricardo-coutinho-revela-que-sacrificou-candidatura-ao-senado-a-pedido-de-joao-azevedo\/","title":{"rendered":"Ricardo Coutinho revela que sacrificou candidatura ao Senado a pedido de Jo\u00e3o Azev\u00eado"},"content":{"rendered":"\n<p>O ex-governador Ricardo Coutinho revelou em entrevista na manh\u00e3 desta quinta-feira (12) que sua decis\u00e3o em n\u00e3o se lan\u00e7ar como candidato ao Senado em 2018 foi tomada atendendo pedidos de Jo\u00e3o Azev\u00eado. De acordo com Ricardo, se ele tivesse a oportunidade hoje, seria candidato a senador.<\/p>\n\n\n\n<p>\u201cNaquela oportunidade havia uma d\u00favida alimentada por muitos que hoje est\u00e3o falando\u201d, explicou o ex-governador, sem citar os nomes. Ricardo ainda disse que alguns deputados chegavam para ele e diziam que a candidatura de Jo\u00e3o Azev\u00eado n\u00e3o iria sair do canto, ouvindo sempre a sua negativa de que a escolha&nbsp;era a correta a ser feita.<\/p>\n\n\n\n<p>\u201cChegou o momento que eu tive que tomar uma decis\u00e3o. Eu tinha ouvido do ent\u00e3o candidato Jo\u00e3o Azev\u00eado sobre a sua preocupa\u00e7\u00e3o se eu sa\u00edsse do mandato se a candidatura persistiria, se aguentaria\u201d, comentou Ricardo Coutinho. De acordo com o ex-governador, Jo\u00e3o temia que \u201ceu passaria o governo e ele achava que haveria uma debandada de candidatos a deputados. Eu achava que n\u00e3o. Ponderei e preferi apostar no projeto\u201d.<\/p>\n\n\n\n<p>Ricardo destacou ainda que preferiu sacrificar a disputa pelo Senado e deixar para um outro momento, mesmo tendo pesquisas indicativas de que ele poderia ter sido eleito.<\/p>\n\n\n\n<p>As declara\u00e7\u00f5es de Ricardo Coutinho foram dadas em entrevista ao programa Jornal da Cultura, da r\u00e1dio Cultura FM, de Guarabira. O programa \u00e9 comandado pelos apresentadores Rudney Ara\u00fajo, Edcarlo Monteiro, Martins Jr. e Rodrigo Souza.<\/p>\n","protected":false},"excerpt":{"rendered":"<p>O ex-governador Ricardo Coutinho revelou em entrevista na manh\u00e3 desta quinta-feira (12) que sua decis\u00e3o em n\u00e3o se lan\u00e7ar como candidato ao Senado em 2018&hellip; <\/p>\n","protected":false},"author":1,"featured_media":33130,"comment_status":"closed","ping_status":"closed","sticky":false,"template":"","format":"standard","meta":{"sfsi_plus_gutenberg_text_before_share":"","sfsi_plus_gutenberg_show_text_before_share":"","sfsi_plus_gutenberg_icon_type":"","sfsi_plus_gutenberg_icon_alignemt":"","sfsi_plus_gutenburg_max_per_row":"","footnotes":""},"categories":[11],"tags":[],"class_list":["post-115880","post","type-post","status-publish","format-standard","has-post-thumbnail","hentry","category-politica"],"_links":{"self":[{"href":"https:\/\/www.caririemacao.com\/1\/wp-json\/wp\/v2\/posts\/115880","targetHints":{"allow":["GET"]}}],"collection":[{"href":"https:\/\/www.caririemacao.com\/1\/wp-json\/wp\/v2\/posts"}],"about":[{"href":"https:\/\/www.caririemacao.com\/1\/wp-json\/wp\/v2\/types\/post"}],"author":[{"embeddable":true,"href":"https:\/\/www.caririemacao.com\/1\/wp-json\/wp\/v2\/users\/1"}],"replies":[{"embeddable":true,"href":"https:\/\/www.caririemacao.com\/1\/wp-json\/wp\/v2\/comments?post=115880"}],"version-history":[{"count":1,"href":"https:\/\/www.caririemacao.com\/1\/wp-json\/wp\/v2\/posts\/115880\/revisions"}],"predecessor-version":[{"id":115883,"href":"https:\/\/www.caririemacao.com\/1\/wp-json\/wp\/v2\/posts\/115880\/revisions\/115883"}],"wp:featuredmedia":[{"embeddable":true,"href":"https:\/\/www.caririemacao.com\/1\/wp-json\/wp\/v2\/media\/33130"}],"wp:attachment":[{"href":"https:\/\/www.caririemacao.com\/1\/wp-json\/wp\/v2\/media?parent=115880"}],"wp:term":[{"taxonomy":"category","embeddable":true,"href":"https:\/\/www.caririemacao.com\/1\/wp-json\/wp\/v2\/categories?post=115880"},{"taxonomy":"post_tag","embeddable":true,"href":"https:\/\/www.caririemacao.com\/1\/wp-json\/wp\/v2\/tags?post=115880"}],"curies":[{"name":"wp","href":"https:\/\/api.w.org\/{rel}","templated":true}]}}