{"id":115904,"date":"2019-09-13T00:23:45","date_gmt":"2019-09-13T03:23:45","guid":{"rendered":"http:\/\/www.caririemacao.com\/1\/?p=115904"},"modified":"2019-09-13T01:41:28","modified_gmt":"2019-09-13T04:41:28","slug":"policia-prende-suspeito-de-ser-mandante-do-assassinato-do-vereador-de-camalau","status":"publish","type":"post","link":"https:\/\/www.caririemacao.com\/1\/2019\/09\/13\/policia-prende-suspeito-de-ser-mandante-do-assassinato-do-vereador-de-camalau\/","title":{"rendered":"Pol\u00edcia prende suspeito de ser mandante do assassinato do vereador de Camala\u00fa"},"content":{"rendered":"\n<div class=\"wp-block-image\"><figure class=\"aligncenter\"><a href=\"https:\/\/1.bp.blogspot.com\/-tZKx_dNuMxc\/XXsECu9VxTI\/AAAAAAAAFgg\/R6fam35N-zMMT2_DTmwNc628Y3JksD7pACLcBGAsYHQ\/s1600\/A%2BPB%2B-%2B9.jpg\"><img decoding=\"async\" data-src=\"https:\/\/1.bp.blogspot.com\/-tZKx_dNuMxc\/XXsECu9VxTI\/AAAAAAAAFgg\/R6fam35N-zMMT2_DTmwNc628Y3JksD7pACLcBGAsYHQ\/s1600\/A%2BPB%2B-%2B9.jpg\" alt=\"\" src=\"data:image\/svg+xml;base64,PHN2ZyB3aWR0aD0iMSIgaGVpZ2h0PSIxIiB4bWxucz0iaHR0cDovL3d3dy53My5vcmcvMjAwMC9zdmciPjwvc3ZnPg==\" class=\"lazyload\" \/><\/a><\/figure><\/div>\n\n\n\n<p>Na tarde desta quinta-feira (12), policiais civis da&nbsp;<strong>21\u00b0 DPH<\/strong>(Delegacia de Pol\u00edcia de Homic\u00eddios) em Santa Cruz do Capibaribe e&nbsp;<strong>Malhas da Lei&nbsp;<\/strong>da AIS-17, prenderam na zona rural de&nbsp;<strong>Taquaritinga do Norte<\/strong>, um homem acusado de mandar matar um vereador na cidade de&nbsp;<strong>Camala\u00fa<\/strong>, no Cariri para paraibano.<br><\/p>\n\n\n\n<div class=\"wp-block-image\"><figure class=\"aligncenter\"><a href=\"https:\/\/1.bp.blogspot.com\/-i0VJUyaJSo8\/XXr6y0AAEZI\/AAAAAAAAFfo\/aQgciacXlWsa3WQMgiZq8UvferAGuugyACLcBGAsYHQ\/s1600\/A%2BPB%2B-%2B2.jpg\"><img decoding=\"async\" data-src=\"https:\/\/1.bp.blogspot.com\/-i0VJUyaJSo8\/XXr6y0AAEZI\/AAAAAAAAFfo\/aQgciacXlWsa3WQMgiZq8UvferAGuugyACLcBGAsYHQ\/s1600\/A%2BPB%2B-%2B2.jpg\" alt=\"\" src=\"data:image\/svg+xml;base64,PHN2ZyB3aWR0aD0iMSIgaGVpZ2h0PSIxIiB4bWxucz0iaHR0cDovL3d3dy53My5vcmcvMjAwMC9zdmciPjwvc3ZnPg==\" class=\"lazyload\" \/><\/a><\/figure><\/div>\n\n\n\n<p>Segundo informa\u00e7\u00f5es colhidas pelo Blog Jota Lima AGORA,&nbsp;<strong>Jos\u00e9 Paulo Barbosa<\/strong>, de 57 anos, foi preso numa propriedade localizado no S\u00edtio A\u00e7ude velho, ap\u00f3s informa\u00e7\u00f5es an\u00f4nimas repassadas para a pol\u00edcia.&nbsp; Ainda de acordo com informa\u00e7\u00f5es, o dono da propriedade foi detido e autuado pelos crimes de favorecimento pessoal e posse ilegal de arma de fogo.&nbsp;<br><strong>O CRIME:<\/strong><br><\/p>\n\n\n\n<div class=\"wp-block-image\"><figure class=\"aligncenter\"><a href=\"https:\/\/1.bp.blogspot.com\/-UgjKyX8ACN8\/XXr60d2owRI\/AAAAAAAAFf4\/p0wqZImS_wgp0rnvlO_UtSFCgXnGbvtEQCLcBGAsYHQ\/s1600\/A%2BPB%2B-%2B6.jpg\"><img decoding=\"async\" data-src=\"https:\/\/1.bp.blogspot.com\/-UgjKyX8ACN8\/XXr60d2owRI\/AAAAAAAAFf4\/p0wqZImS_wgp0rnvlO_UtSFCgXnGbvtEQCLcBGAsYHQ\/s1600\/A%2BPB%2B-%2B6.jpg\" alt=\"\" src=\"data:image\/svg+xml;base64,PHN2ZyB3aWR0aD0iMSIgaGVpZ2h0PSIxIiB4bWxucz0iaHR0cDovL3d3dy53My5vcmcvMjAwMC9zdmciPjwvc3ZnPg==\" class=\"lazyload\" \/><\/a><\/figure><\/div>\n\n\n\n<div class=\"wp-block-image\"><figure class=\"aligncenter\"><a href=\"https:\/\/1.bp.blogspot.com\/-HSnLl7I41WU\/XXr6y-c-b4I\/AAAAAAAAFfs\/914-fy0djM45FAsbQ8i-_VAAKIFfJfcswCLcBGAsYHQ\/s1600\/A%2BPB%2B-%2B3.jpg\"><img decoding=\"async\" data-src=\"https:\/\/1.bp.blogspot.com\/-HSnLl7I41WU\/XXr6y-c-b4I\/AAAAAAAAFfs\/914-fy0djM45FAsbQ8i-_VAAKIFfJfcswCLcBGAsYHQ\/s1600\/A%2BPB%2B-%2B3.jpg\" alt=\"\" src=\"data:image\/svg+xml;base64,PHN2ZyB3aWR0aD0iMSIgaGVpZ2h0PSIxIiB4bWxucz0iaHR0cDovL3d3dy53My5vcmcvMjAwMC9zdmciPjwvc3ZnPg==\" class=\"lazyload\" \/><\/a><\/figure><\/div>\n\n\n\n<div class=\"wp-block-image\"><figure class=\"aligncenter\"><a href=\"https:\/\/1.bp.blogspot.com\/-6GfizR_D-zk\/XXr60BXKweI\/AAAAAAAAFf0\/wV01Y7RIFqMaKWNz56mUmUysISY3tdT8gCLcBGAsYHQ\/s1600\/A%2BPB%2B-%2B5.jpg\"><img decoding=\"async\" data-src=\"https:\/\/1.bp.blogspot.com\/-6GfizR_D-zk\/XXr60BXKweI\/AAAAAAAAFf0\/wV01Y7RIFqMaKWNz56mUmUysISY3tdT8gCLcBGAsYHQ\/s1600\/A%2BPB%2B-%2B5.jpg\" alt=\"\" src=\"data:image\/svg+xml;base64,PHN2ZyB3aWR0aD0iMSIgaGVpZ2h0PSIxIiB4bWxucz0iaHR0cDovL3d3dy53My5vcmcvMjAwMC9zdmciPjwvc3ZnPg==\" class=\"lazyload\" \/><\/a><\/figure><\/div>\n\n\n\n<p>O vereador&nbsp;<strong>Adelmo Teobaldo Farias<\/strong>, de 60 anos, foi morto a tiros quando seguia para a casa que morava, na tarde de 8 de Setembro de 2018 na cidade de Camala\u00fa. Na ocasi\u00e3o, dois elementos numa moto se aproximaram da v\u00edtima e atiraram por diversas vezes.&nbsp;<br><strong>PRIS\u00c3O DOS SUSPEITOS DE EXECUTAR O CRIME:<\/strong><br><\/p>\n\n\n\n<div class=\"wp-block-image\"><figure class=\"aligncenter\"><a href=\"https:\/\/1.bp.blogspot.com\/-WWa94IBdoyY\/XXr60joMNAI\/AAAAAAAAFf8\/qV__d-eXJtwcY3aVRX-h8Fo0XSqmMDVcgCLcBGAsYHQ\/s1600\/A%2BPB%2B-%2B7.jpg\"><img decoding=\"async\" data-src=\"https:\/\/1.bp.blogspot.com\/-WWa94IBdoyY\/XXr60joMNAI\/AAAAAAAAFf8\/qV__d-eXJtwcY3aVRX-h8Fo0XSqmMDVcgCLcBGAsYHQ\/s1600\/A%2BPB%2B-%2B7.jpg\" alt=\"\" src=\"data:image\/svg+xml;base64,PHN2ZyB3aWR0aD0iMSIgaGVpZ2h0PSIxIiB4bWxucz0iaHR0cDovL3d3dy53My5vcmcvMjAwMC9zdmciPjwvc3ZnPg==\" class=\"lazyload\" \/><\/a><\/figure><\/div>\n\n\n\n<p>No final do ano de 2018, o efetivo do&nbsp;<strong>BEPI&nbsp;<\/strong>(Batalh\u00e3o Especializado Policiamento do Interior) prendeu na cidade de&nbsp;<strong>Toritama<\/strong>, no Agreste de Pernambuco,&nbsp;<strong>Jos\u00e9 Edvaldo Barbosa<\/strong>, de 27 anos, sobrinho do suspeito de mandar matar o vereador e primeiro suspeito da execu\u00e7\u00e3o do crime.<br><\/p>\n\n\n\n<div class=\"wp-block-image\"><figure class=\"aligncenter\"><a href=\"https:\/\/1.bp.blogspot.com\/-B2zNUfNyqEM\/XXr6zgw5SVI\/AAAAAAAAFfw\/ue3oYllwEZMuK3I0m5f6HlQ3651BHCAowCLcBGAsYHQ\/s1600\/A%2BPB%2B-%2B4.jpg\"><img decoding=\"async\" data-src=\"https:\/\/1.bp.blogspot.com\/-B2zNUfNyqEM\/XXr6zgw5SVI\/AAAAAAAAFfw\/ue3oYllwEZMuK3I0m5f6HlQ3651BHCAowCLcBGAsYHQ\/s1600\/A%2BPB%2B-%2B4.jpg\" alt=\"\" src=\"data:image\/svg+xml;base64,PHN2ZyB3aWR0aD0iMSIgaGVpZ2h0PSIxIiB4bWxucz0iaHR0cDovL3d3dy53My5vcmcvMjAwMC9zdmciPjwvc3ZnPg==\" class=\"lazyload\" \/><\/a><\/figure><\/div>\n\n\n\n<p>Em Mar\u00e7o de 2019, a pol\u00edcia prendeu o segundo envolvido na execu\u00e7\u00e3o do homic\u00eddio,&nbsp;<strong>Rivanildo dos Santos<\/strong>, de 31 anos. A pris\u00e3o aconteceu na cidade de&nbsp;<strong>Cust\u00f3dia<\/strong>, no Sert\u00e3o de Pernambuco.&nbsp;\n\n<\/p>\n\n\n\n<p>Nesta quinta-feira (12), a equipe da 21\u00aa Delegacia de Pol\u00edcia de Homic\u00eddios (DPH), com o apoio da equipe do Malhas da 17\u00aa Desec, sob o comando do delegado Jo\u00e3o Paulo Mendes, deu cumprimento ao mandado de pris\u00e3o preventiva contra Jos\u00e9 Paulo Barbosa, mais conhecido por \u201cZ\u00e9 Paulo\u201d.<\/p>\n\n\n\n<figure class=\"wp-block-image\"><img decoding=\"async\" data-src=\"http:\/\/deolhonocariri.com.br\/wp-content\/uploads\/2019\/09\/adelmo-600x394.jpg\" alt=\"O atributo alt desta imagem est\u00c3\u00a1 vazio. O nome do arquivo \u00c3\u00a9 adelmo-600x394.jpg\" src=\"data:image\/svg+xml;base64,PHN2ZyB3aWR0aD0iMSIgaGVpZ2h0PSIxIiB4bWxucz0iaHR0cDovL3d3dy53My5vcmcvMjAwMC9zdmciPjwvc3ZnPg==\" class=\"lazyload\" style=\"--smush-placeholder-width: 600px; --smush-placeholder-aspect-ratio: 600\/394;\" \/><\/figure>\n\n\n\n<p>Ap\u00f3s diversas a\u00e7\u00f5es de intelig\u00eancia e levantamento de informa\u00e7\u00f5es, foi constatado que Jos\u00e9 Paulo estava residindo no S\u00edtio A\u00e7ude Velho, zona rural do Munic\u00edpio de Taquaritinga do Norte, onde foi preso.<\/p>\n\n\n\n<p>Segundo a Pol\u00edcia Civil da Para\u00edba, Jos\u00e9 Paulo \u00e9 o suspeito de ser o mandante do homic\u00eddio do vereador Adelmo Teobaldo Farias, da cidade de Camala\u00fa, Cariri&nbsp; da Para\u00edba. O crime ocorreu em 8 de setembro de 2018, quando o vereador voltava pra casa em uma moto, quando dois homens em outra moto se aproximaram e atiraram v\u00e1rias vezes.<\/p>\n\n\n\n<p>Ainda de acordo com a pol\u00edcia, as investiga\u00e7\u00f5es apontava que a morte do vereador teria sido ocorrido devido \u00e0 vingan\u00e7a, j\u00e1 que&nbsp;no ano de 2014 Adelmo foi julgado e absolvido na Justi\u00e7a pelo assassinato de um homem.<\/p>\n\n\n\n<p><em>Informa\u00e7\u00f5es Blog do Jota Lima<\/em><\/p>\n","protected":false},"excerpt":{"rendered":"<p>Na tarde desta quinta-feira (12), policiais civis da&nbsp;21\u00b0 DPH(Delegacia de Pol\u00edcia de Homic\u00eddios) em Santa Cruz do Capibaribe e&nbsp;Malhas da Lei&nbsp;da AIS-17, prenderam na zona&hellip; <\/p>\n","protected":false},"author":1,"featured_media":115906,"comment_status":"closed","ping_status":"closed","sticky":false,"template":"","format":"standard","meta":{"sfsi_plus_gutenberg_text_before_share":"","sfsi_plus_gutenberg_show_text_before_share":"","sfsi_plus_gutenberg_icon_type":"","sfsi_plus_gutenberg_icon_alignemt":"","sfsi_plus_gutenburg_max_per_row":"","footnotes":""},"categories":[50,12],"tags":[],"class_list":["post-115904","post","type-post","status-publish","format-standard","has-post-thumbnail","hentry","category-destaque","category-policia"],"_links":{"self":[{"href":"https:\/\/www.caririemacao.com\/1\/wp-json\/wp\/v2\/posts\/115904","targetHints":{"allow":["GET"]}}],"collection":[{"href":"https:\/\/www.caririemacao.com\/1\/wp-json\/wp\/v2\/posts"}],"about":[{"href":"https:\/\/www.caririemacao.com\/1\/wp-json\/wp\/v2\/types\/post"}],"author":[{"embeddable":true,"href":"https:\/\/www.caririemacao.com\/1\/wp-json\/wp\/v2\/users\/1"}],"replies":[{"embeddable":true,"href":"https:\/\/www.caririemacao.com\/1\/wp-json\/wp\/v2\/comments?post=115904"}],"version-history":[{"count":2,"href":"https:\/\/www.caririemacao.com\/1\/wp-json\/wp\/v2\/posts\/115904\/revisions"}],"predecessor-version":[{"id":115919,"href":"https:\/\/www.caririemacao.com\/1\/wp-json\/wp\/v2\/posts\/115904\/revisions\/115919"}],"wp:featuredmedia":[{"embeddable":true,"href":"https:\/\/www.caririemacao.com\/1\/wp-json\/wp\/v2\/media\/115906"}],"wp:attachment":[{"href":"https:\/\/www.caririemacao.com\/1\/wp-json\/wp\/v2\/media?parent=115904"}],"wp:term":[{"taxonomy":"category","embeddable":true,"href":"https:\/\/www.caririemacao.com\/1\/wp-json\/wp\/v2\/categories?post=115904"},{"taxonomy":"post_tag","embeddable":true,"href":"https:\/\/www.caririemacao.com\/1\/wp-json\/wp\/v2\/tags?post=115904"}],"curies":[{"name":"wp","href":"https:\/\/api.w.org\/{rel}","templated":true}]}}