{"id":115920,"date":"2019-09-13T01:40:18","date_gmt":"2019-09-13T04:40:18","guid":{"rendered":"http:\/\/www.caririemacao.com\/1\/?p=115920"},"modified":"2019-09-13T01:40:18","modified_gmt":"2019-09-13T04:40:18","slug":"exclusivo-pm-recupera-caminhao-roubado-proximo-a-santa-luzia-do-cariri-bandidos-estao-foragidos","status":"publish","type":"post","link":"https:\/\/www.caririemacao.com\/1\/2019\/09\/13\/exclusivo-pm-recupera-caminhao-roubado-proximo-a-santa-luzia-do-cariri-bandidos-estao-foragidos\/","title":{"rendered":"EXCLUSIVO: PM recupera caminh\u00e3o roubado pr\u00f3ximo a Santa Luzia do Cariri; bandidos est\u00e3o foragidos"},"content":{"rendered":"\n<p>Policiais militares de Serra Branca e Sum\u00e9 abortaram um roubo a ve\u00edculo de carga ocorrido em Pernambuco nesta quinta-feira (12). A PM interceptou e recuperou um caminh\u00e3o roubado pr\u00f3ximo ao distrito de Santa Luzia do Cariri, munic\u00edpio de Serra Branca, na noite desta quinta.<\/p>\n\n\n\n<figure class=\"wp-block-image\"><img decoding=\"async\" data-src=\"http:\/\/deolhonocariri.com.br\/wp-content\/uploads\/2019\/09\/caminhao_roubado-600x450.jpg\" alt=\"\" src=\"data:image\/svg+xml;base64,PHN2ZyB3aWR0aD0iMSIgaGVpZ2h0PSIxIiB4bWxucz0iaHR0cDovL3d3dy53My5vcmcvMjAwMC9zdmciPjwvc3ZnPg==\" class=\"lazyload\" style=\"--smush-placeholder-width: 600px; --smush-placeholder-aspect-ratio: 600\/450;\" \/><\/figure>\n\n\n\n<p>A Pol\u00edcia Militar foi informada de que o ve\u00edculo passaria pela BR 412 e conseguiu intercept\u00e1-lo. A quadrilha respons\u00e1vel pelo roubo percebeu a presen\u00e7a da pol\u00edcia e abandonou o ve\u00edculo fugindo pelo mato. Trata-se de 4 homens, que devem est\u00e1 nas proximidades.<\/p>\n\n\n\n<p>As dilig\u00eancias continuam e o ve\u00edculo ser\u00e1 encaminhado para seu propriet\u00e1rio, que j\u00e1 fora identificado. Qualquer informa\u00e7\u00e3o sobre o bando deve ser repassada para a Pol\u00edcia pelo 190.<\/p>\n\n\n\n<p><strong>De Olho no Cariri<\/strong><\/p>\n","protected":false},"excerpt":{"rendered":"<p>Policiais militares de Serra Branca e Sum\u00e9 abortaram um roubo a ve\u00edculo de carga ocorrido em Pernambuco nesta quinta-feira (12). A PM interceptou e recuperou&hellip; <\/p>\n","protected":false},"author":2,"featured_media":18430,"comment_status":"closed","ping_status":"closed","sticky":false,"template":"","format":"standard","meta":{"sfsi_plus_gutenberg_text_before_share":"","sfsi_plus_gutenberg_show_text_before_share":"","sfsi_plus_gutenberg_icon_type":"","sfsi_plus_gutenberg_icon_alignemt":"","sfsi_plus_gutenburg_max_per_row":"","footnotes":""},"categories":[50,12],"tags":[],"class_list":["post-115920","post","type-post","status-publish","format-standard","has-post-thumbnail","hentry","category-destaque","category-policia"],"_links":{"self":[{"href":"https:\/\/www.caririemacao.com\/1\/wp-json\/wp\/v2\/posts\/115920","targetHints":{"allow":["GET"]}}],"collection":[{"href":"https:\/\/www.caririemacao.com\/1\/wp-json\/wp\/v2\/posts"}],"about":[{"href":"https:\/\/www.caririemacao.com\/1\/wp-json\/wp\/v2\/types\/post"}],"author":[{"embeddable":true,"href":"https:\/\/www.caririemacao.com\/1\/wp-json\/wp\/v2\/users\/2"}],"replies":[{"embeddable":true,"href":"https:\/\/www.caririemacao.com\/1\/wp-json\/wp\/v2\/comments?post=115920"}],"version-history":[{"count":1,"href":"https:\/\/www.caririemacao.com\/1\/wp-json\/wp\/v2\/posts\/115920\/revisions"}],"predecessor-version":[{"id":115921,"href":"https:\/\/www.caririemacao.com\/1\/wp-json\/wp\/v2\/posts\/115920\/revisions\/115921"}],"wp:featuredmedia":[{"embeddable":true,"href":"https:\/\/www.caririemacao.com\/1\/wp-json\/wp\/v2\/media\/18430"}],"wp:attachment":[{"href":"https:\/\/www.caririemacao.com\/1\/wp-json\/wp\/v2\/media?parent=115920"}],"wp:term":[{"taxonomy":"category","embeddable":true,"href":"https:\/\/www.caririemacao.com\/1\/wp-json\/wp\/v2\/categories?post=115920"},{"taxonomy":"post_tag","embeddable":true,"href":"https:\/\/www.caririemacao.com\/1\/wp-json\/wp\/v2\/tags?post=115920"}],"curies":[{"name":"wp","href":"https:\/\/api.w.org\/{rel}","templated":true}]}}