{"id":115923,"date":"2019-09-13T06:09:34","date_gmt":"2019-09-13T09:09:34","guid":{"rendered":"http:\/\/www.caririemacao.com\/1\/?p=115923"},"modified":"2019-09-13T06:09:34","modified_gmt":"2019-09-13T09:09:34","slug":"comeca-hoje-liberacao-de-saque-de-r500-do-fgts","status":"publish","type":"post","link":"https:\/\/www.caririemacao.com\/1\/2019\/09\/13\/comeca-hoje-liberacao-de-saque-de-r500-do-fgts\/","title":{"rendered":"Come\u00e7a hoje libera\u00e7\u00e3o de saque de R$500 do FGTS"},"content":{"rendered":"\n<p>&nbsp;libera\u00e7\u00e3o do saque no valor de R$ 500 das contas ativas e inativas do&nbsp;Fundo de Garantia por Tempo de Servi\u00e7o&nbsp;(FGTS), come\u00e7a nesta sexta-feira (13).<\/p>\n\n\n\n<p>Conforme a Medida Provis\u00f3ria n\u00ba 889, as libera\u00e7\u00f5es relacionadas ao FGTS ocorrer\u00e3o de setembro deste ano a mar\u00e7o de 2020. Os trabalhadores poder\u00e3o retirar at\u00e9 R$ 500 por conta.&nbsp;<\/p>\n\n\n\n<p>A expectativa do Minist\u00e9rio da Economia \u00e9 alcan\u00e7ar 96 milh\u00f5es de trabalhadores e injetar R$ 30 bilh\u00f5es na economia.<\/p>\n\n\n\n<p>Os primeiros a receber s\u00e3o as pessoas que t\u00eam poupan\u00e7a na Caixa ou aqueles que t\u00eam conta-corrente na Caixa e autorizaram o dep\u00f3sito.&nbsp;<\/p>\n","protected":false},"excerpt":{"rendered":"<p>&nbsp;libera\u00e7\u00e3o do saque no valor de R$ 500 das contas ativas e inativas do&nbsp;Fundo de Garantia por Tempo de Servi\u00e7o&nbsp;(FGTS), come\u00e7a nesta sexta-feira (13). Conforme&hellip; <\/p>\n","protected":false},"author":1,"featured_media":105203,"comment_status":"closed","ping_status":"closed","sticky":false,"template":"","format":"standard","meta":{"sfsi_plus_gutenberg_text_before_share":"","sfsi_plus_gutenberg_show_text_before_share":"","sfsi_plus_gutenberg_icon_type":"","sfsi_plus_gutenberg_icon_alignemt":"","sfsi_plus_gutenburg_max_per_row":"","footnotes":""},"categories":[6],"tags":[],"class_list":["post-115923","post","type-post","status-publish","format-standard","has-post-thumbnail","hentry","category-cidades"],"_links":{"self":[{"href":"https:\/\/www.caririemacao.com\/1\/wp-json\/wp\/v2\/posts\/115923","targetHints":{"allow":["GET"]}}],"collection":[{"href":"https:\/\/www.caririemacao.com\/1\/wp-json\/wp\/v2\/posts"}],"about":[{"href":"https:\/\/www.caririemacao.com\/1\/wp-json\/wp\/v2\/types\/post"}],"author":[{"embeddable":true,"href":"https:\/\/www.caririemacao.com\/1\/wp-json\/wp\/v2\/users\/1"}],"replies":[{"embeddable":true,"href":"https:\/\/www.caririemacao.com\/1\/wp-json\/wp\/v2\/comments?post=115923"}],"version-history":[{"count":1,"href":"https:\/\/www.caririemacao.com\/1\/wp-json\/wp\/v2\/posts\/115923\/revisions"}],"predecessor-version":[{"id":115925,"href":"https:\/\/www.caririemacao.com\/1\/wp-json\/wp\/v2\/posts\/115923\/revisions\/115925"}],"wp:featuredmedia":[{"embeddable":true,"href":"https:\/\/www.caririemacao.com\/1\/wp-json\/wp\/v2\/media\/105203"}],"wp:attachment":[{"href":"https:\/\/www.caririemacao.com\/1\/wp-json\/wp\/v2\/media?parent=115923"}],"wp:term":[{"taxonomy":"category","embeddable":true,"href":"https:\/\/www.caririemacao.com\/1\/wp-json\/wp\/v2\/categories?post=115923"},{"taxonomy":"post_tag","embeddable":true,"href":"https:\/\/www.caririemacao.com\/1\/wp-json\/wp\/v2\/tags?post=115923"}],"curies":[{"name":"wp","href":"https:\/\/api.w.org\/{rel}","templated":true}]}}