{"id":115953,"date":"2019-09-13T06:15:17","date_gmt":"2019-09-13T09:15:17","guid":{"rendered":"http:\/\/www.caririemacao.com\/1\/?p=115953"},"modified":"2019-09-13T06:15:17","modified_gmt":"2019-09-13T09:15:17","slug":"trump-manifesta-intencao-de-firmar-acordo-provisorio-com-a-china","status":"publish","type":"post","link":"https:\/\/www.caririemacao.com\/1\/2019\/09\/13\/trump-manifesta-intencao-de-firmar-acordo-provisorio-com-a-china\/","title":{"rendered":"Trump manifesta inten\u00e7\u00e3o de firmar acordo provis\u00f3rio com a China"},"content":{"rendered":"\n<p><br>H\u00e1 sinais de que os Estados Unidos (EUA) e a China poder\u00e3o amenizar suas posi\u00e7\u00f5es em rela\u00e7\u00e3o a uma disputa comercial.<\/p>\n\n\n\n<p>O presidente americano, Donald Trump, disse nessa quinta-feira (12) que consideraria um acordo comercial preliminar com a China. Acrescentou que preferiria chegar a um acordo abrangente, mas vai considerar um de car\u00e1ter provis\u00f3rio.<\/p>\n\n\n\n<p>Como outro sinal de que a tens\u00e3o est\u00e1 diminuindo, a China sugeriu anteriormente que estaria se preparando para reiniciar as importa\u00e7\u00f5es de produtos agr\u00edcolas dos Estados Unidos.<\/p>\n\n\n\n<p>O Minist\u00e9rio do Com\u00e9rcio disse que as companhias chinesas est\u00e3o interpelando sobre os pre\u00e7os de soja e de carne su\u00edna dos EUA. A divulga\u00e7\u00e3o ocorreu logo depois de os Estados Unidos terem anunciado que adiar\u00e3o a implementa\u00e7\u00e3o do aumento de tarifa adicional sobre artigos chineses.<\/p>\n\n\n\n<h2 class=\"wp-block-heading\">Coreia do Norte<\/h2>\n\n\n\n<p>Em entrevista, Trump declarou que quer se encontrar com o l\u00edder norte-coreano, Kim Jong Un, &#8220;em um determinado momento&#8221; neste ano.<\/p>\n\n\n\n<p>Ele acredita que Kim tamb\u00e9m deseja o encontro. Contudo, n\u00e3o deu qualquer informa\u00e7\u00e3o espec\u00edfica sobre o local ou quando outro encontro de c\u00fapula poder\u00e1 acontecer.<\/p>\n\n\n\n<p>As observa\u00e7\u00f5es de Trump s\u00e3o feitas no momento em que uma funcion\u00e1ria de alto escal\u00e3o da Coreia do Norte declarou que o governo norte-coreano est\u00e1 pronto para reiniciar as negocia\u00e7\u00f5es com Washington sobre desnucleariza\u00e7\u00e3o.<\/p>\n\n\n\n<p>Nesta semana, Trump demitiu o conselheiro de Seguran\u00e7a Nacional, John Bolton, que defendia atitude mais severa em rela\u00e7\u00e3o \u00e0 Coreia do Norte, que aquela com enfoque no di\u00e1logo.<\/p>\n","protected":false},"excerpt":{"rendered":"<p>H\u00e1 sinais de que os Estados Unidos (EUA) e a China poder\u00e3o amenizar suas posi\u00e7\u00f5es em rela\u00e7\u00e3o a uma disputa comercial. O presidente americano, Donald&hellip; <\/p>\n","protected":false},"author":1,"featured_media":110547,"comment_status":"closed","ping_status":"closed","sticky":false,"template":"","format":"standard","meta":{"sfsi_plus_gutenberg_text_before_share":"","sfsi_plus_gutenberg_show_text_before_share":"","sfsi_plus_gutenberg_icon_type":"","sfsi_plus_gutenberg_icon_alignemt":"","sfsi_plus_gutenburg_max_per_row":"","footnotes":""},"categories":[2],"tags":[],"class_list":["post-115953","post","type-post","status-publish","format-standard","has-post-thumbnail","hentry","category-geral"],"_links":{"self":[{"href":"https:\/\/www.caririemacao.com\/1\/wp-json\/wp\/v2\/posts\/115953","targetHints":{"allow":["GET"]}}],"collection":[{"href":"https:\/\/www.caririemacao.com\/1\/wp-json\/wp\/v2\/posts"}],"about":[{"href":"https:\/\/www.caririemacao.com\/1\/wp-json\/wp\/v2\/types\/post"}],"author":[{"embeddable":true,"href":"https:\/\/www.caririemacao.com\/1\/wp-json\/wp\/v2\/users\/1"}],"replies":[{"embeddable":true,"href":"https:\/\/www.caririemacao.com\/1\/wp-json\/wp\/v2\/comments?post=115953"}],"version-history":[{"count":1,"href":"https:\/\/www.caririemacao.com\/1\/wp-json\/wp\/v2\/posts\/115953\/revisions"}],"predecessor-version":[{"id":115955,"href":"https:\/\/www.caririemacao.com\/1\/wp-json\/wp\/v2\/posts\/115953\/revisions\/115955"}],"wp:featuredmedia":[{"embeddable":true,"href":"https:\/\/www.caririemacao.com\/1\/wp-json\/wp\/v2\/media\/110547"}],"wp:attachment":[{"href":"https:\/\/www.caririemacao.com\/1\/wp-json\/wp\/v2\/media?parent=115953"}],"wp:term":[{"taxonomy":"category","embeddable":true,"href":"https:\/\/www.caririemacao.com\/1\/wp-json\/wp\/v2\/categories?post=115953"},{"taxonomy":"post_tag","embeddable":true,"href":"https:\/\/www.caririemacao.com\/1\/wp-json\/wp\/v2\/tags?post=115953"}],"curies":[{"name":"wp","href":"https:\/\/api.w.org\/{rel}","templated":true}]}}