{"id":115964,"date":"2019-09-13T06:44:30","date_gmt":"2019-09-13T09:44:30","guid":{"rendered":"http:\/\/www.caririemacao.com\/1\/?p=115964"},"modified":"2019-09-13T06:44:30","modified_gmt":"2019-09-13T09:44:30","slug":"voce-tem-direito-a-sacar-o-fgts-teste-seus-conhecimentos","status":"publish","type":"post","link":"https:\/\/www.caririemacao.com\/1\/2019\/09\/13\/voce-tem-direito-a-sacar-o-fgts-teste-seus-conhecimentos\/","title":{"rendered":"Voc\u00ea tem direito a sacar o FGTS? Teste seus conhecimentos"},"content":{"rendered":"\n<p>A Medida Provis\u00f3ria<a href=\"http:\/\/www.planalto.gov.br\/ccivil_03\/_Ato2019-2022\/2019\/Mpv\/mpv889.htm\" target=\"_blank\" rel=\"noreferrer noopener\">&nbsp;(MP) n\u00ba 889\/2019&nbsp;<\/a>autorizou duas novas modalidades de saque do Fundo de Garantia por Tempo de Servi\u00e7o (FGTS). A primeira \u00e9 o saque imediato, que permite o trabalhador sacar at\u00e9 R$ 500.&nbsp; A segunda modalidade \u00e9 o saque anivers\u00e1rio que passar\u00e1 a valer a partir do pr\u00f3ximo ano.<\/p>\n\n\n\n<p>Em transmiss\u00e3o ao vivo pelo Facebook, o presidente da Caixa, Pedro Guimar\u00e3es,&nbsp;<a href=\"http:\/\/agenciabrasil.ebc.com.br\/economia\/noticia\/2019-09\/caixa-esclarece-duvidas-sobre-saque-do-fgts\" target=\"_blank\" rel=\"noreferrer noopener\">esclareceu d\u00favidas sobre o saque imediato<\/a>. O pagamento come\u00e7a nesta sexta-feira (13) para os trabalhadores que possuem conta poupan\u00e7a na Caixa. Veja o&nbsp;<a href=\"http:\/\/agenciabrasil.ebc.com.br\/economia\/noticia\/2019-08\/caixa-divulga-calendario-de-saque-do-fgts\" target=\"_blank\" rel=\"noreferrer noopener\">calend\u00e1rio de saque do FGTS<\/a>&nbsp;para quem n\u00e3o tem conta na Caixa e&nbsp;<a href=\"http:\/\/agenciabrasil.ebc.com.br\/economia\/noticia\/2019-09\/caixa-inicia-pagamento-de-fgts-saiba-como-sacar\" target=\"_blank\" rel=\"noreferrer noopener\">saiba como sacar o FGTS<\/a>.<\/p>\n\n\n\n<p><strong>Teste seus conhecimentos:<\/strong><\/p>\n\n\n\n<figure><iframe allowfullscreen=\"true\"><\/iframe><\/figure>\n","protected":false},"excerpt":{"rendered":"<p>A Medida Provis\u00f3ria&nbsp;(MP) n\u00ba 889\/2019&nbsp;autorizou duas novas modalidades de saque do Fundo de Garantia por Tempo de Servi\u00e7o (FGTS). A primeira \u00e9 o saque imediato,&hellip; <\/p>\n","protected":false},"author":1,"featured_media":14166,"comment_status":"closed","ping_status":"closed","sticky":false,"template":"","format":"standard","meta":{"sfsi_plus_gutenberg_text_before_share":"","sfsi_plus_gutenberg_show_text_before_share":"","sfsi_plus_gutenberg_icon_type":"","sfsi_plus_gutenberg_icon_alignemt":"","sfsi_plus_gutenburg_max_per_row":"","footnotes":""},"categories":[2],"tags":[],"class_list":["post-115964","post","type-post","status-publish","format-standard","has-post-thumbnail","hentry","category-geral"],"_links":{"self":[{"href":"https:\/\/www.caririemacao.com\/1\/wp-json\/wp\/v2\/posts\/115964","targetHints":{"allow":["GET"]}}],"collection":[{"href":"https:\/\/www.caririemacao.com\/1\/wp-json\/wp\/v2\/posts"}],"about":[{"href":"https:\/\/www.caririemacao.com\/1\/wp-json\/wp\/v2\/types\/post"}],"author":[{"embeddable":true,"href":"https:\/\/www.caririemacao.com\/1\/wp-json\/wp\/v2\/users\/1"}],"replies":[{"embeddable":true,"href":"https:\/\/www.caririemacao.com\/1\/wp-json\/wp\/v2\/comments?post=115964"}],"version-history":[{"count":1,"href":"https:\/\/www.caririemacao.com\/1\/wp-json\/wp\/v2\/posts\/115964\/revisions"}],"predecessor-version":[{"id":115966,"href":"https:\/\/www.caririemacao.com\/1\/wp-json\/wp\/v2\/posts\/115964\/revisions\/115966"}],"wp:featuredmedia":[{"embeddable":true,"href":"https:\/\/www.caririemacao.com\/1\/wp-json\/wp\/v2\/media\/14166"}],"wp:attachment":[{"href":"https:\/\/www.caririemacao.com\/1\/wp-json\/wp\/v2\/media?parent=115964"}],"wp:term":[{"taxonomy":"category","embeddable":true,"href":"https:\/\/www.caririemacao.com\/1\/wp-json\/wp\/v2\/categories?post=115964"},{"taxonomy":"post_tag","embeddable":true,"href":"https:\/\/www.caririemacao.com\/1\/wp-json\/wp\/v2\/tags?post=115964"}],"curies":[{"name":"wp","href":"https:\/\/api.w.org\/{rel}","templated":true}]}}