{"id":115985,"date":"2019-09-13T06:55:44","date_gmt":"2019-09-13T09:55:44","guid":{"rendered":"http:\/\/www.caririemacao.com\/1\/?p=115985"},"modified":"2019-09-13T06:55:44","modified_gmt":"2019-09-13T09:55:44","slug":"nova-carteira-digital-nao-dara-direito-a-meia-passagem-na-paraiba","status":"publish","type":"post","link":"https:\/\/www.caririemacao.com\/1\/2019\/09\/13\/nova-carteira-digital-nao-dara-direito-a-meia-passagem-na-paraiba\/","title":{"rendered":"Nova carteira digital n\u00e3o dar\u00e1 direito a meia-passagem na Para\u00edba"},"content":{"rendered":"\n<p>A nova carteira estudantil digital n\u00e3o valer\u00e1 para meia passagem. O documento, segundo o Procon-PB apenas garantir\u00e1 o direito a meia-entrada. A famosa\u2018carteirinha\u2019, emitida pelos \u00f3rg\u00e3os estudantis, que s\u00e3o usadas para conseguir o \u2018Passe Legal Estudante\u2019 em Jo\u00e3o Pessoa, permanecer\u00e3o valendo, mas a digital ter\u00e1 essa exce\u00e7\u00e3o.<\/p>\n\n\n\n<p>A informa\u00e7\u00e3o foi confirmada pela&nbsp;superintendente do Procon, K\u00e9ssia Cavalcanti. A&nbsp;\u2018ID Estudantil\u2019, do Governo Federal, n\u00e3o poder\u00e1 definir sobre passagem, apenas meia-entrada em estabelecimentos. Segundo ela, a&nbsp;meia-entrada \u00e9 para estudantes comprovadamente carentes, j\u00e1 a&nbsp;meia-passagem \u00e9 direito ao transporte p\u00fablico.<\/p>\n\n\n\n<p>Recentemente, o presidente Jair Bolsonaro assinou uma medida provis\u00f3ria que prev\u00ea a cria\u00e7\u00e3o da carteira estudantil em formato digital.<\/p>\n","protected":false},"excerpt":{"rendered":"<p>A nova carteira estudantil digital n\u00e3o valer\u00e1 para meia passagem. O documento, segundo o Procon-PB apenas garantir\u00e1 o direito a meia-entrada. A famosa\u2018carteirinha\u2019, emitida pelos&hellip; <\/p>\n","protected":false},"author":1,"featured_media":115988,"comment_status":"closed","ping_status":"closed","sticky":false,"template":"","format":"standard","meta":{"sfsi_plus_gutenberg_text_before_share":"","sfsi_plus_gutenberg_show_text_before_share":"","sfsi_plus_gutenberg_icon_type":"","sfsi_plus_gutenberg_icon_alignemt":"","sfsi_plus_gutenburg_max_per_row":"","footnotes":""},"categories":[2],"tags":[],"class_list":["post-115985","post","type-post","status-publish","format-standard","has-post-thumbnail","hentry","category-geral"],"_links":{"self":[{"href":"https:\/\/www.caririemacao.com\/1\/wp-json\/wp\/v2\/posts\/115985","targetHints":{"allow":["GET"]}}],"collection":[{"href":"https:\/\/www.caririemacao.com\/1\/wp-json\/wp\/v2\/posts"}],"about":[{"href":"https:\/\/www.caririemacao.com\/1\/wp-json\/wp\/v2\/types\/post"}],"author":[{"embeddable":true,"href":"https:\/\/www.caririemacao.com\/1\/wp-json\/wp\/v2\/users\/1"}],"replies":[{"embeddable":true,"href":"https:\/\/www.caririemacao.com\/1\/wp-json\/wp\/v2\/comments?post=115985"}],"version-history":[{"count":1,"href":"https:\/\/www.caririemacao.com\/1\/wp-json\/wp\/v2\/posts\/115985\/revisions"}],"predecessor-version":[{"id":115989,"href":"https:\/\/www.caririemacao.com\/1\/wp-json\/wp\/v2\/posts\/115985\/revisions\/115989"}],"wp:featuredmedia":[{"embeddable":true,"href":"https:\/\/www.caririemacao.com\/1\/wp-json\/wp\/v2\/media\/115988"}],"wp:attachment":[{"href":"https:\/\/www.caririemacao.com\/1\/wp-json\/wp\/v2\/media?parent=115985"}],"wp:term":[{"taxonomy":"category","embeddable":true,"href":"https:\/\/www.caririemacao.com\/1\/wp-json\/wp\/v2\/categories?post=115985"},{"taxonomy":"post_tag","embeddable":true,"href":"https:\/\/www.caririemacao.com\/1\/wp-json\/wp\/v2\/tags?post=115985"}],"curies":[{"name":"wp","href":"https:\/\/api.w.org\/{rel}","templated":true}]}}