{"id":115995,"date":"2019-09-13T06:59:13","date_gmt":"2019-09-13T09:59:13","guid":{"rendered":"http:\/\/www.caririemacao.com\/1\/?p=115995"},"modified":"2019-09-13T06:59:13","modified_gmt":"2019-09-13T09:59:13","slug":"adolescente-suspeito-de-ameaca-a-escola-tem-celular-apreendido-e-e-investigado-por-apologia-ao-nazismo-e-racismo","status":"publish","type":"post","link":"https:\/\/www.caririemacao.com\/1\/2019\/09\/13\/adolescente-suspeito-de-ameaca-a-escola-tem-celular-apreendido-e-e-investigado-por-apologia-ao-nazismo-e-racismo\/","title":{"rendered":"Adolescente suspeito de amea\u00e7a a escola tem celular apreendido e \u00e9 investigado por apologia ao nazismo e racismo"},"content":{"rendered":"\n<p>&nbsp;celular do adolescente de 16 anos suspeito de amea\u00e7ar ataque a uma escola em Cajazeiras, no Sert\u00e3o da Para\u00edba, foi apreendido e ser\u00e1 submetido a per\u00edcia em Patos. A informa\u00e7\u00e3o foi repassada em entrevista exclusiva do delegado Francisco Filho ao ClickPB, nesta quinta-feira (12).<\/p>\n\n\n\n<figure class=\"wp-block-image\"><img decoding=\"async\" data-src=\"https:\/\/www.clickpb.com.br\/media\/filer_public\/50\/0f\/500fe639-2564-4962-b1d1-9c09fca7184a\/prints_grupo_neonazista_adolescentes_cajazeiras_pb_denuncia_090919.jpg\" alt=\"\" src=\"data:image\/svg+xml;base64,PHN2ZyB3aWR0aD0iMSIgaGVpZ2h0PSIxIiB4bWxucz0iaHR0cDovL3d3dy53My5vcmcvMjAwMC9zdmciPjwvc3ZnPg==\" class=\"lazyload\" \/><figcaption>&#8216;Prints&#8217; das conversas do grupo vieram \u00e0 tona nessa quarta-feira &#8211; Imagem: Divulga\u00e7\u00e3o\/Di\u00e1rio do Sert\u00e3o<\/figcaption><\/figure>\n\n\n\n<p>O delegado explicou que nos &#8216;prints&#8217; (capturas de tela) das conversas de WhatsApp ainda n\u00e3o foram encontradas evid\u00eancias claras sobre poss\u00edveis amea\u00e7as a ataque na escola Nossa Senhora do Carmo, em Cajazeiras. Ele disse que foram vistas mensagens que levam o menor a ser apontado por apologia ao nazismo e por discrimina\u00e7\u00e3o racial, por conte\u00fado que incita o \u00f3dio a negros, judeus e ciganos (p\u00fablico comum no Sert\u00e3o paraibano).<br><\/p>\n\n\n\n<p>Segundo o delegado Francisco Filho explicou ao ClickPB, o grupo de WhatsApp com conte\u00fado neonazista foi criado na segunda-feira (9) e encerrado na ter\u00e7a-feira (10). Integravam o grupo o menor, de 16 anos, com outros tr\u00eas colegas da escola Nossa Senhora do Carmo, al\u00e9m de um suposto adolescente do Paran\u00e1.<\/p>\n\n\n\n<p>Os outros tr\u00eas menores da escola ainda ser\u00e3o ouvidos. O menino que criou o grupo de WhatsApp j\u00e1 foi retirado do col\u00e9gio pelo pai.<\/p>\n\n\n\n<p>A Pol\u00edcia Civil ouviu informalmente profissionais da escola, a quem deu orienta\u00e7\u00f5es de seguran\u00e7a sobre o caso.<\/p>\n\n\n\n<p>A escola Nossa Senhora do Carmo emitiu nota sobre a confus\u00e3o envolvendo alunos e negou que houve amea\u00e7a ou ataque na institui\u00e7\u00e3o, al\u00e9m de argumentar que cabe aos pais o monitoramento das atitudes e comportamentos dos filhos.<\/p>\n\n\n\n<figure class=\"wp-block-image\"><img decoding=\"async\" data-src=\"https:\/\/www.clickpb.com.br\/media\/filer_public\/cf\/e5\/cfe5629d-211a-40d7-8da0-085653508d6a\/nota_escola_nossa_senhora_do_carmo_cajazeiras_pb.jpg\" alt=\"\" src=\"data:image\/svg+xml;base64,PHN2ZyB3aWR0aD0iMSIgaGVpZ2h0PSIxIiB4bWxucz0iaHR0cDovL3d3dy53My5vcmcvMjAwMC9zdmciPjwvc3ZnPg==\" class=\"lazyload\" \/><figcaption>Nota da escola Nossa Senhora do Carmo &#8211; Imagem: Divulga\u00e7\u00e3o\/Di\u00e1rio do Sert\u00e3o<\/figcaption><\/figure>\n","protected":false},"excerpt":{"rendered":"<p>&nbsp;celular do adolescente de 16 anos suspeito de amea\u00e7ar ataque a uma escola em Cajazeiras, no Sert\u00e3o da Para\u00edba, foi apreendido e ser\u00e1 submetido a&hellip; <\/p>\n","protected":false},"author":1,"featured_media":115998,"comment_status":"closed","ping_status":"closed","sticky":false,"template":"","format":"standard","meta":{"sfsi_plus_gutenberg_text_before_share":"","sfsi_plus_gutenberg_show_text_before_share":"","sfsi_plus_gutenberg_icon_type":"","sfsi_plus_gutenberg_icon_alignemt":"","sfsi_plus_gutenburg_max_per_row":"","footnotes":""},"categories":[2],"tags":[],"class_list":["post-115995","post","type-post","status-publish","format-standard","has-post-thumbnail","hentry","category-geral"],"_links":{"self":[{"href":"https:\/\/www.caririemacao.com\/1\/wp-json\/wp\/v2\/posts\/115995","targetHints":{"allow":["GET"]}}],"collection":[{"href":"https:\/\/www.caririemacao.com\/1\/wp-json\/wp\/v2\/posts"}],"about":[{"href":"https:\/\/www.caririemacao.com\/1\/wp-json\/wp\/v2\/types\/post"}],"author":[{"embeddable":true,"href":"https:\/\/www.caririemacao.com\/1\/wp-json\/wp\/v2\/users\/1"}],"replies":[{"embeddable":true,"href":"https:\/\/www.caririemacao.com\/1\/wp-json\/wp\/v2\/comments?post=115995"}],"version-history":[{"count":1,"href":"https:\/\/www.caririemacao.com\/1\/wp-json\/wp\/v2\/posts\/115995\/revisions"}],"predecessor-version":[{"id":115999,"href":"https:\/\/www.caririemacao.com\/1\/wp-json\/wp\/v2\/posts\/115995\/revisions\/115999"}],"wp:featuredmedia":[{"embeddable":true,"href":"https:\/\/www.caririemacao.com\/1\/wp-json\/wp\/v2\/media\/115998"}],"wp:attachment":[{"href":"https:\/\/www.caririemacao.com\/1\/wp-json\/wp\/v2\/media?parent=115995"}],"wp:term":[{"taxonomy":"category","embeddable":true,"href":"https:\/\/www.caririemacao.com\/1\/wp-json\/wp\/v2\/categories?post=115995"},{"taxonomy":"post_tag","embeddable":true,"href":"https:\/\/www.caririemacao.com\/1\/wp-json\/wp\/v2\/tags?post=115995"}],"curies":[{"name":"wp","href":"https:\/\/api.w.org\/{rel}","templated":true}]}}